{"id":91480,"date":"2021-04-26T12:25:31","date_gmt":"2021-04-26T15:25:31","guid":{"rendered":"https:\/\/eldiariodesanpedro.com.ar\/sitio\/?p=91480"},"modified":"2021-04-26T12:25:36","modified_gmt":"2021-04-26T15:25:36","slug":"ramallo-mas-de-50-burbujas-de-alumnos-fueron-aisladas-desde-el-comienzo-de-clases","status":"publish","type":"post","link":"https:\/\/eldiariodesanpedro.com.ar\/sitio\/ramallo-mas-de-50-burbujas-de-alumnos-fueron-aisladas-desde-el-comienzo-de-clases\/","title":{"rendered":"RAMALLO | M\u00e1s de 50 burbujas de alumnos fueron aisladas desde el comienzo de clases"},"content":{"rendered":"<!-- VideographyWP Plugin Message: Automatic video embedding prevented by plugin options. -->\n\n<p>La Jefatura Distrital de Educaci\u00f3n dio a conocer los n\u00fameros de alumnos y docentes aislados desde el comienzo de las clases presenciales en el distrito. El dato surgi\u00f3 de la reuni\u00f3n de la Mesa Distrital de Contingencia, solicitada por la oposici\u00f3n.<\/p>\n\n\n\n<p>Seg\u00fan se precis\u00f3 en el mes de marzo unas 28 burbujas de alumnos debieron ser aisladas y unos 48 docentes. En tanto, en lo que va de abril fueron aisladas 29 burbujas y 28 docentes de las m\u00e1s de 60 escuelas.<\/p>\n\n\n\n<p>Desde la Jefatura Distrital aclararon que los aislamientos fueron por sospechas de contacto estrechos, y que los casos se dieron fuera del \u00e1mbito educativo, tanto en docentes como alumnos.<\/p>\n\n\n\n<p>Fuente: <a href=\"http:\/\/www.ramallociudad.com.ar\/nota.asp?id=162478&amp;t=Mas-de-50-burbujas-de-alumnos-fueron-aisladas-desde-el-comienzo-de-clases\">Ramallo Ciudad<\/a><\/p>\n","protected":false},"excerpt":{"rendered":"<p>La Jefatura Distrital de Educaci\u00f3n dio a conocer los n\u00fameros de alumnos y docentes aislados desde el comienzo de las clases presenciales en el distrito. El dato surgi\u00f3 de la reuni\u00f3n de la Mesa Distrital de Contingencia, solicitada por la oposici\u00f3n. Seg\u00fan se precis\u00f3 en el mes de marzo unas 28 burbujas de alumnos debieron [&hellip;]<\/p>\n","protected":false},"author":4,"featured_media":91481,"comment_status":"open","ping_status":"closed","sticky":false,"template":"","format":"standard","meta":{"om_disable_all_campaigns":false,"_jetpack_memberships_contains_paid_content":false,"footnotes":""},"categories":[621],"tags":[],"class_list":["post-91480","post","type-post","status-publish","format-standard","has-post-thumbnail","hentry","category-regionales"],"aioseo_notices":[],"gutentor_comment":0,"jetpack_featured_media_url":"https:\/\/eldiariodesanpedro.com.ar\/sitio\/wp-content\/uploads\/2021\/04\/bbx_331480647_1_escuelas.jpg","jetpack_shortlink":"https:\/\/wp.me\/p6RhLt-nNu","jetpack_sharing_enabled":true,"_links":{"self":[{"href":"https:\/\/eldiariodesanpedro.com.ar\/sitio\/wp-json\/wp\/v2\/posts\/91480","targetHints":{"allow":["GET"]}}],"collection":[{"href":"https:\/\/eldiariodesanpedro.com.ar\/sitio\/wp-json\/wp\/v2\/posts"}],"about":[{"href":"https:\/\/eldiariodesanpedro.com.ar\/sitio\/wp-json\/wp\/v2\/types\/post"}],"author":[{"embeddable":true,"href":"https:\/\/eldiariodesanpedro.com.ar\/sitio\/wp-json\/wp\/v2\/users\/4"}],"replies":[{"embeddable":true,"href":"https:\/\/eldiariodesanpedro.com.ar\/sitio\/wp-json\/wp\/v2\/comments?post=91480"}],"version-history":[{"count":1,"href":"https:\/\/eldiariodesanpedro.com.ar\/sitio\/wp-json\/wp\/v2\/posts\/91480\/revisions"}],"predecessor-version":[{"id":91482,"href":"https:\/\/eldiariodesanpedro.com.ar\/sitio\/wp-json\/wp\/v2\/posts\/91480\/revisions\/91482"}],"wp:featuredmedia":[{"embeddable":true,"href":"https:\/\/eldiariodesanpedro.com.ar\/sitio\/wp-json\/wp\/v2\/media\/91481"}],"wp:attachment":[{"href":"https:\/\/eldiariodesanpedro.com.ar\/sitio\/wp-json\/wp\/v2\/media?parent=91480"}],"wp:term":[{"taxonomy":"category","embeddable":true,"href":"https:\/\/eldiariodesanpedro.com.ar\/sitio\/wp-json\/wp\/v2\/categories?post=91480"},{"taxonomy":"post_tag","embeddable":true,"href":"https:\/\/eldiariodesanpedro.com.ar\/sitio\/wp-json\/wp\/v2\/tags?post=91480"}],"curies":[{"name":"wp","href":"https:\/\/api.w.org\/{rel}","templated":true}]}}