{"id":91477,"date":"2021-04-26T12:19:58","date_gmt":"2021-04-26T15:19:58","guid":{"rendered":"https:\/\/eldiariodesanpedro.com.ar\/sitio\/?p=91477"},"modified":"2021-04-26T12:20:03","modified_gmt":"2021-04-26T15:20:03","slug":"ramallo-dos-motociclistas-murieron-al-chocar-de-frente","status":"publish","type":"post","link":"https:\/\/eldiariodesanpedro.com.ar\/sitio\/ramallo-dos-motociclistas-murieron-al-chocar-de-frente\/","title":{"rendered":"RAMALLO | Dos motociclistas murieron al chocar de frente"},"content":{"rendered":"<!-- VideographyWP Plugin Message: Automatic video embedding prevented by plugin options. -->\n\n<p>En la ma\u00f1ana del domingo fallecieron dos motociclistas tras chocar en el Camino de la Costa a la vera de las v\u00edas del ferrocarril, en una curva con direcci\u00f3n a la empresa Loma Negra; en el partido de Ramallo.<\/p>\n\n\n\n<p>El conductor de una moto Motomel 150 color gris, Mario Jes\u00fas Porras de 49 a\u00f1os, y Alejandro L\u00f3pez Ron de 28 al mando de una Honda 150cc roja, colisionaron de frente.<\/p>\n\n\n\n<p>Trabaj\u00f3 en el lugar una ambulancia del SAME y ambulancia de la Sala de Primeros Auxilios de S\u00e1nchez. Se labraron actuaciones por Homicidio Culposo.<\/p>\n\n\n\n<p>Fuente: <a href=\"http:\/\/www.diarioelinformante.com.ar\/nota-61442_dos-motociclistas-murieron-al-chocar-de-frente\">Diario El Informante<\/a><\/p>\n","protected":false},"excerpt":{"rendered":"<p>En la ma\u00f1ana del domingo fallecieron dos motociclistas tras chocar en el Camino de la Costa a la vera de las v\u00edas del ferrocarril, en una curva con direcci\u00f3n a la empresa Loma Negra; en el partido de Ramallo. El conductor de una moto Motomel 150 color gris, Mario Jes\u00fas Porras de 49 a\u00f1os, y [&hellip;]<\/p>\n","protected":false},"author":4,"featured_media":91479,"comment_status":"open","ping_status":"closed","sticky":false,"template":"","format":"standard","meta":{"om_disable_all_campaigns":false,"_jetpack_memberships_contains_paid_content":false,"footnotes":""},"categories":[621],"tags":[],"class_list":["post-91477","post","type-post","status-publish","format-standard","has-post-thumbnail","hentry","category-regionales"],"aioseo_notices":[],"gutentor_comment":0,"jetpack_featured_media_url":"https:\/\/eldiariodesanpedro.com.ar\/sitio\/wp-content\/uploads\/2021\/04\/no_branjr8t0jqvqd620210426_102935_0000.png","jetpack_shortlink":"https:\/\/wp.me\/p6RhLt-nNr","jetpack_sharing_enabled":true,"_links":{"self":[{"href":"https:\/\/eldiariodesanpedro.com.ar\/sitio\/wp-json\/wp\/v2\/posts\/91477","targetHints":{"allow":["GET"]}}],"collection":[{"href":"https:\/\/eldiariodesanpedro.com.ar\/sitio\/wp-json\/wp\/v2\/posts"}],"about":[{"href":"https:\/\/eldiariodesanpedro.com.ar\/sitio\/wp-json\/wp\/v2\/types\/post"}],"author":[{"embeddable":true,"href":"https:\/\/eldiariodesanpedro.com.ar\/sitio\/wp-json\/wp\/v2\/users\/4"}],"replies":[{"embeddable":true,"href":"https:\/\/eldiariodesanpedro.com.ar\/sitio\/wp-json\/wp\/v2\/comments?post=91477"}],"version-history":[{"count":1,"href":"https:\/\/eldiariodesanpedro.com.ar\/sitio\/wp-json\/wp\/v2\/posts\/91477\/revisions"}],"predecessor-version":[{"id":91478,"href":"https:\/\/eldiariodesanpedro.com.ar\/sitio\/wp-json\/wp\/v2\/posts\/91477\/revisions\/91478"}],"wp:featuredmedia":[{"embeddable":true,"href":"https:\/\/eldiariodesanpedro.com.ar\/sitio\/wp-json\/wp\/v2\/media\/91479"}],"wp:attachment":[{"href":"https:\/\/eldiariodesanpedro.com.ar\/sitio\/wp-json\/wp\/v2\/media?parent=91477"}],"wp:term":[{"taxonomy":"category","embeddable":true,"href":"https:\/\/eldiariodesanpedro.com.ar\/sitio\/wp-json\/wp\/v2\/categories?post=91477"},{"taxonomy":"post_tag","embeddable":true,"href":"https:\/\/eldiariodesanpedro.com.ar\/sitio\/wp-json\/wp\/v2\/tags?post=91477"}],"curies":[{"name":"wp","href":"https:\/\/api.w.org\/{rel}","templated":true}]}}