{"id":91474,"date":"2021-04-26T12:13:26","date_gmt":"2021-04-26T15:13:26","guid":{"rendered":"https:\/\/eldiariodesanpedro.com.ar\/sitio\/?p=91474"},"modified":"2021-04-26T12:13:30","modified_gmt":"2021-04-26T15:13:30","slug":"pami-inscripcion-para-la-vacunacion-antigripal","status":"publish","type":"post","link":"https:\/\/eldiariodesanpedro.com.ar\/sitio\/pami-inscripcion-para-la-vacunacion-antigripal\/","title":{"rendered":"PAMI: Inscripci\u00f3n para la vacunaci\u00f3n antigripal"},"content":{"rendered":"<!-- VideographyWP Plugin Message: Automatic video embedding prevented by plugin options. -->\n\n<p>PAMI comienza la primera etapa de la campa\u00f1a nacional de vacunaci\u00f3n contra la gripe 2021 en las residencias de larga estad\u00ed\u00ada y desde el lunes implementar\u00e1 un sistema de preinscripci\u00f3n y asignaci\u00f3n de turnos para las personas afiliadas que garantice una vacunaci\u00f3n cuidada, segura y gratuita.<\/p>\n\n\n\n<p>\u201cCon esta nueva medida estamos garantizando el distanciamiento social y evitando traslados innecesarios para minimizar la posibilidad de contagio frente al dif\u00ed\u00adcil contexto epidemiol\u00f3gico que estamos atravesando\u201d, dijo la directora ejecutiva de PAMI, Luana Volnovich.<\/p>\n\n\n\n<p>Las personas afiliadas deber\u00e1n completar un formulario con los datos personales y de contacto en la p\u00e1gina web <a href=\"http:\/\/pami.org.ar\/antigripal\">pami.org.ar\/antigripal<\/a>, tras lo cual la obra social enviar un correo electr\u00f3nico de confirmaci\u00f3n de preinscripci\u00f3n. Luego se asignar\u00e1 un turno -que se comunicar\u00e1 a trav\u00e9s del medio que se haya elegido- para concurrir a la farmacia.<\/p>\n\n\n\n<p>Es importante tener en cuenta que, de acuerdo con la recomendaci\u00f3n del Ministerio de Salud, si la persona afiliada fue inmunizada contra el COVID-19 tiene que respetar como m\u00ednimo un intervalo de 15 d\u00edas entre esa aplicaci\u00f3n y la de la vacuna antigripal.<\/p>\n\n\n\n<p>Con el turno asignado, las personas afiliadas mayores de 65 a\u00f1os deber\u00e1n acercarse a la farmacia con DNI y credencial PAMI; mientras que las personas menores de 65 con comorbilidades deben, adem\u00e1s, poseer la indicaci\u00f3n m\u00e9dica.<\/p>\n\n\n\n<p>En el caso de que durante el proceso de preinscripci\u00f3n y asignaci\u00f3n de turno, la persona afiliada reciba la confirmaci\u00f3n para la aplicaci\u00f3n de la vacuna contra el COVID-19, debe darle prioridad a esa inmunizaci\u00f3n y postergar la antigripal.<\/p>\n\n\n\n<p>Adem\u00e1s, la Direcci\u00f3n Ejecutiva inform\u00f3 que ayer comienz\u00f3 -con personal propio- el operativo de vacunaci\u00f3n antigripal para las personas que viven en residencias de larga estad\u00ed\u00ada pertenecientes a la red de PAMI de todo el pa\u00ed\u00ads.<\/p>\n","protected":false},"excerpt":{"rendered":"<p>PAMI comienza la primera etapa de la campa\u00f1a nacional de vacunaci\u00f3n contra la gripe 2021 en las residencias de larga estad\u00ed\u00ada y desde el lunes implementar\u00e1 un sistema de preinscripci\u00f3n y asignaci\u00f3n de turnos para las personas afiliadas que garantice una vacunaci\u00f3n cuidada, segura y gratuita. \u201cCon esta nueva medida estamos garantizando el distanciamiento social [&hellip;]<\/p>\n","protected":false},"author":4,"featured_media":91475,"comment_status":"open","ping_status":"closed","sticky":false,"template":"","format":"standard","meta":{"om_disable_all_campaigns":false,"_jetpack_memberships_contains_paid_content":false,"footnotes":""},"categories":[101,2],"tags":[],"class_list":["post-91474","post","type-post","status-publish","format-standard","has-post-thumbnail","hentry","category-interes-general-locales","category-locales"],"aioseo_notices":[],"gutentor_comment":0,"jetpack_featured_media_url":"https:\/\/eldiariodesanpedro.com.ar\/sitio\/wp-content\/uploads\/2021\/04\/no_8k2hus238fd1an1no_6on1g1zpyh0iobk0001_191229323_20210422_103654_0000.png","jetpack_shortlink":"https:\/\/wp.me\/p6RhLt-nNo","jetpack_sharing_enabled":true,"_links":{"self":[{"href":"https:\/\/eldiariodesanpedro.com.ar\/sitio\/wp-json\/wp\/v2\/posts\/91474","targetHints":{"allow":["GET"]}}],"collection":[{"href":"https:\/\/eldiariodesanpedro.com.ar\/sitio\/wp-json\/wp\/v2\/posts"}],"about":[{"href":"https:\/\/eldiariodesanpedro.com.ar\/sitio\/wp-json\/wp\/v2\/types\/post"}],"author":[{"embeddable":true,"href":"https:\/\/eldiariodesanpedro.com.ar\/sitio\/wp-json\/wp\/v2\/users\/4"}],"replies":[{"embeddable":true,"href":"https:\/\/eldiariodesanpedro.com.ar\/sitio\/wp-json\/wp\/v2\/comments?post=91474"}],"version-history":[{"count":1,"href":"https:\/\/eldiariodesanpedro.com.ar\/sitio\/wp-json\/wp\/v2\/posts\/91474\/revisions"}],"predecessor-version":[{"id":91476,"href":"https:\/\/eldiariodesanpedro.com.ar\/sitio\/wp-json\/wp\/v2\/posts\/91474\/revisions\/91476"}],"wp:featuredmedia":[{"embeddable":true,"href":"https:\/\/eldiariodesanpedro.com.ar\/sitio\/wp-json\/wp\/v2\/media\/91475"}],"wp:attachment":[{"href":"https:\/\/eldiariodesanpedro.com.ar\/sitio\/wp-json\/wp\/v2\/media?parent=91474"}],"wp:term":[{"taxonomy":"category","embeddable":true,"href":"https:\/\/eldiariodesanpedro.com.ar\/sitio\/wp-json\/wp\/v2\/categories?post=91474"},{"taxonomy":"post_tag","embeddable":true,"href":"https:\/\/eldiariodesanpedro.com.ar\/sitio\/wp-json\/wp\/v2\/tags?post=91474"}],"curies":[{"name":"wp","href":"https:\/\/api.w.org\/{rel}","templated":true}]}}