{"id":91471,"date":"2021-04-26T12:04:09","date_gmt":"2021-04-26T15:04:09","guid":{"rendered":"https:\/\/eldiariodesanpedro.com.ar\/sitio\/?p=91471"},"modified":"2021-04-26T12:04:13","modified_gmt":"2021-04-26T15:04:13","slug":"zarate-pedido-solidario-todos-por-luisi","status":"publish","type":"post","link":"https:\/\/eldiariodesanpedro.com.ar\/sitio\/zarate-pedido-solidario-todos-por-luisi\/","title":{"rendered":"Z\u00c1RATE | Pedido solidario: Todos por Luisi"},"content":{"rendered":"<!-- VideographyWP Plugin Message: Automatic video embedding prevented by plugin options. -->\n\n<h4 class=\"wp-block-heading\">Luisina tiene 7 a\u00f1os y sufre una afecci\u00f3n llamada Pectus Excavatum (pecho hundido). Necesita iniciar un tratamiento para mejorar su calidad de vida, pero la obra social solo cubre una parte. Su familia lanz\u00f3 una rifa para recaudar los fondos necesarios para poder llevarlo a cabo.<\/h4>\n\n\n\n<p><br>Quienes quieran colaborar podr\u00e1n hacerlo realizando la donaci\u00f3n de alg\u00fan premio para sumar al sorteo \u2013que puede ser un producto, una orden de compra o cualquier otro obsequio- o bien adquiriendo un n\u00famero de la rifa que tiene un valor de $250. El sorteo se realizar\u00e1 el 21 de mayo en vivo a trav\u00e9s del facebook.<br>Para participar o adquirir un n\u00famero deber\u00e1n contactarse v\u00eda telef\u00f3nica con la mam\u00e1 de Luisina al 3489-364652 o bien con su pap\u00e1 al 3487 \u2013 552265.<\/p>\n","protected":false},"excerpt":{"rendered":"<p>Luisina tiene 7 a\u00f1os y sufre una afecci\u00f3n llamada Pectus Excavatum (pecho hundido). Necesita iniciar un tratamiento para mejorar su calidad de vida, pero la obra social solo cubre una parte. Su familia lanz\u00f3 una rifa para recaudar los fondos necesarios para poder llevarlo a cabo. Quienes quieran colaborar podr\u00e1n hacerlo realizando la donaci\u00f3n de [&hellip;]<\/p>\n","protected":false},"author":4,"featured_media":91472,"comment_status":"open","ping_status":"closed","sticky":false,"template":"","format":"standard","meta":{"om_disable_all_campaigns":false,"_jetpack_memberships_contains_paid_content":false,"footnotes":""},"categories":[621],"tags":[],"class_list":["post-91471","post","type-post","status-publish","format-standard","has-post-thumbnail","hentry","category-regionales"],"aioseo_notices":[],"gutentor_comment":0,"jetpack_featured_media_url":"https:\/\/eldiariodesanpedro.com.ar\/sitio\/wp-content\/uploads\/2021\/04\/ac50a3d8-d793-4efd-aeb4-a741a04afcb5.jpg","jetpack_shortlink":"https:\/\/wp.me\/p6RhLt-nNl","jetpack_sharing_enabled":true,"_links":{"self":[{"href":"https:\/\/eldiariodesanpedro.com.ar\/sitio\/wp-json\/wp\/v2\/posts\/91471","targetHints":{"allow":["GET"]}}],"collection":[{"href":"https:\/\/eldiariodesanpedro.com.ar\/sitio\/wp-json\/wp\/v2\/posts"}],"about":[{"href":"https:\/\/eldiariodesanpedro.com.ar\/sitio\/wp-json\/wp\/v2\/types\/post"}],"author":[{"embeddable":true,"href":"https:\/\/eldiariodesanpedro.com.ar\/sitio\/wp-json\/wp\/v2\/users\/4"}],"replies":[{"embeddable":true,"href":"https:\/\/eldiariodesanpedro.com.ar\/sitio\/wp-json\/wp\/v2\/comments?post=91471"}],"version-history":[{"count":1,"href":"https:\/\/eldiariodesanpedro.com.ar\/sitio\/wp-json\/wp\/v2\/posts\/91471\/revisions"}],"predecessor-version":[{"id":91473,"href":"https:\/\/eldiariodesanpedro.com.ar\/sitio\/wp-json\/wp\/v2\/posts\/91471\/revisions\/91473"}],"wp:featuredmedia":[{"embeddable":true,"href":"https:\/\/eldiariodesanpedro.com.ar\/sitio\/wp-json\/wp\/v2\/media\/91472"}],"wp:attachment":[{"href":"https:\/\/eldiariodesanpedro.com.ar\/sitio\/wp-json\/wp\/v2\/media?parent=91471"}],"wp:term":[{"taxonomy":"category","embeddable":true,"href":"https:\/\/eldiariodesanpedro.com.ar\/sitio\/wp-json\/wp\/v2\/categories?post=91471"},{"taxonomy":"post_tag","embeddable":true,"href":"https:\/\/eldiariodesanpedro.com.ar\/sitio\/wp-json\/wp\/v2\/tags?post=91471"}],"curies":[{"name":"wp","href":"https:\/\/api.w.org\/{rel}","templated":true}]}}