{"id":91468,"date":"2021-04-26T11:45:25","date_gmt":"2021-04-26T14:45:25","guid":{"rendered":"https:\/\/eldiariodesanpedro.com.ar\/sitio\/?p=91468"},"modified":"2021-04-26T11:45:30","modified_gmt":"2021-04-26T14:45:30","slug":"preocupa-la-escasez-de-oxigeno-se-triplico-el-consumo-y-provincia-adquirio-una-planta-movil-para-producirlo","status":"publish","type":"post","link":"https:\/\/eldiariodesanpedro.com.ar\/sitio\/preocupa-la-escasez-de-oxigeno-se-triplico-el-consumo-y-provincia-adquirio-una-planta-movil-para-producirlo\/","title":{"rendered":"Preocupa la escasez de ox\u00edgeno: se triplic\u00f3 el consumo y Provincia adquiri\u00f3 una planta m\u00f3vil para producirlo"},"content":{"rendered":"<!-- VideographyWP Plugin Message: Automatic video embedding prevented by plugin options. -->\n\n<p>El consumo de ox\u00edgeno se triplic\u00f3 en los \u00faltimos diez d\u00edas en los municipios bonaerenses del \u00c1rea Metropolitana de Buenos Aires (AMBA) y preocupa que el insumo empiece a escasear en hospitales y cl\u00ednicas. En ese contexto, el Gobierno adquiri\u00f3 una planta m\u00f3vil para su producci\u00f3n y unos 300 concentradores para distribuir en municipios.<\/p>\n\n\n\n<p>El dato sobre el aumento en el consumo de ox\u00edgeno fue dado a conocer en las \u00faltimas horas por el viceministro de Salud de la provincia de Buenos Aires, Nicol\u00e1s Kreplak. \u201cEn estos \u00faltimos diez d\u00edas hemos triplicado el consumo de ox\u00edgeno de cada uno de los hospitales\u201d, dijo.<\/p>\n\n\n\n<p>\u201cEstamos tratando de que la industria se vuelque a lo sanitario, pero hay que producir m\u00e1s ox\u00edgeno, a veces es un problema de la log\u00edstica. Lo que antes se llenaba una vez por semana, ahora se llena cada dos d\u00edas, entonces empieza a haber un cuello de botella\u201d, explic\u00f3 Kreplak.<\/p>\n\n\n\n<p>\u201cSi uno tiene un respirador, pero no tiene ox\u00edgeno para el respirador, no sirve de nada\u201d, advirti\u00f3 el viceministro para Radio del Plata.<\/p>\n\n\n\n<p>La preocupaci\u00f3n hab\u00eda comenzado a ser advertida por los intendentes: \u201cEn Magdalena ten\u00edamos un consumo de 30 tubos mensuales, ahora son 30 semanales, por eso estamos muy preocupados y ocupados en esta tem\u00e1tica\u201d, manifest\u00f3 en las \u00faltimas horas el alcalde de ese municipio, Gonzalo Peluso.<\/p>\n\n\n\n<p>En ese marco, el Gobierno bonaerense adquiri\u00f3 300 concentradores de ox\u00edgeno y una planta m\u00f3vil de producci\u00f3n que permitir\u00e1n proveer de este insumo esencial \u201cpara asegurar este recurso y que ning\u00fan bonaerense se quede sin ox\u00edgeno, tal como sucedi\u00f3 en distintos pa\u00edses de Europa y de la regi\u00f3n\u201d, informaron desde la cartera sanitaria.<\/p>\n\n\n\n<p>Seg\u00fan explicaron, el concentrador proporciona ox\u00edgenoterapia a los pacientes en concentraciones sustancialmente m\u00e1s altas que las del aire ambiente y mantiene estable el nivel de ox\u00edgeno en la sangre. El equipo comprime de forma constante el aire del ambiente, lo filtra y suministrarlo de forma m\u00e1s pura. Tiene un suministro infinito de ox\u00edgeno mientras tenga aire disponible y energ\u00eda que le permita funcionar.<\/p>\n\n\n\n<p>En tanto, la planta m\u00f3vil de producci\u00f3n es un sistema generador de ox\u00edgeno dise\u00f1ado de forma espec\u00edfica para ser trasladado a donde sea m\u00e1s necesario para asegurar la provisi\u00f3n.<\/p>\n\n\n\n<p>Hoy llegaron los concentradores al centro log\u00edstico instalado en el hospital El Dique para ser distribuidos oportunamente en centros de salud que lo requieran y la planta m\u00f3vil ser\u00e1 instalada ma\u00f1ana en el polideportivo municipal de Ensenada.<\/p>\n\n\n\n<p>\u201cNo nos puede pasar en ning\u00fan momento que le falte oxigeno a una persona; no se puede esperar. Por eso estamos intentando prepararnos para eso\u201d, dijo Kreplak esta ma\u00f1ana, al tiempo que afirm\u00f3 que, hasta el momento, no hay faltante de ox\u00edgeno pero \u201chay mucho m\u00e1s riesgo de que, en alg\u00fan momento, alg\u00fan lugar no tenga la provisi\u00f3n adecuada\u201d.<\/p>\n\n\n\n<p>Fuente: DIB\u00a0<\/p>\n","protected":false},"excerpt":{"rendered":"<p>El consumo de ox\u00edgeno se triplic\u00f3 en los \u00faltimos diez d\u00edas en los municipios bonaerenses del \u00c1rea Metropolitana de Buenos Aires (AMBA) y preocupa que el insumo empiece a escasear en hospitales y cl\u00ednicas. En ese contexto, el Gobierno adquiri\u00f3 una planta m\u00f3vil para su producci\u00f3n y unos 300 concentradores para distribuir en municipios. El [&hellip;]<\/p>\n","protected":false},"author":4,"featured_media":91469,"comment_status":"open","ping_status":"closed","sticky":false,"template":"","format":"standard","meta":{"om_disable_all_campaigns":false,"_jetpack_memberships_contains_paid_content":false,"footnotes":""},"categories":[621],"tags":[],"class_list":["post-91468","post","type-post","status-publish","format-standard","has-post-thumbnail","hentry","category-regionales"],"aioseo_notices":[],"gutentor_comment":0,"jetpack_featured_media_url":"https:\/\/eldiariodesanpedro.com.ar\/sitio\/wp-content\/uploads\/2021\/04\/Planta-movil-oxigeno-1068x712-1.jpg","jetpack_shortlink":"https:\/\/wp.me\/p6RhLt-nNi","jetpack_sharing_enabled":true,"_links":{"self":[{"href":"https:\/\/eldiariodesanpedro.com.ar\/sitio\/wp-json\/wp\/v2\/posts\/91468","targetHints":{"allow":["GET"]}}],"collection":[{"href":"https:\/\/eldiariodesanpedro.com.ar\/sitio\/wp-json\/wp\/v2\/posts"}],"about":[{"href":"https:\/\/eldiariodesanpedro.com.ar\/sitio\/wp-json\/wp\/v2\/types\/post"}],"author":[{"embeddable":true,"href":"https:\/\/eldiariodesanpedro.com.ar\/sitio\/wp-json\/wp\/v2\/users\/4"}],"replies":[{"embeddable":true,"href":"https:\/\/eldiariodesanpedro.com.ar\/sitio\/wp-json\/wp\/v2\/comments?post=91468"}],"version-history":[{"count":1,"href":"https:\/\/eldiariodesanpedro.com.ar\/sitio\/wp-json\/wp\/v2\/posts\/91468\/revisions"}],"predecessor-version":[{"id":91470,"href":"https:\/\/eldiariodesanpedro.com.ar\/sitio\/wp-json\/wp\/v2\/posts\/91468\/revisions\/91470"}],"wp:featuredmedia":[{"embeddable":true,"href":"https:\/\/eldiariodesanpedro.com.ar\/sitio\/wp-json\/wp\/v2\/media\/91469"}],"wp:attachment":[{"href":"https:\/\/eldiariodesanpedro.com.ar\/sitio\/wp-json\/wp\/v2\/media?parent=91468"}],"wp:term":[{"taxonomy":"category","embeddable":true,"href":"https:\/\/eldiariodesanpedro.com.ar\/sitio\/wp-json\/wp\/v2\/categories?post=91468"},{"taxonomy":"post_tag","embeddable":true,"href":"https:\/\/eldiariodesanpedro.com.ar\/sitio\/wp-json\/wp\/v2\/tags?post=91468"}],"curies":[{"name":"wp","href":"https:\/\/api.w.org\/{rel}","templated":true}]}}