{"id":91465,"date":"2021-04-26T11:37:02","date_gmt":"2021-04-26T14:37:02","guid":{"rendered":"https:\/\/eldiariodesanpedro.com.ar\/sitio\/?p=91465"},"modified":"2021-04-26T11:37:09","modified_gmt":"2021-04-26T14:37:09","slug":"dictaron-la-conciliacion-obligatoria-y-la-uta-levanto-el-paro","status":"publish","type":"post","link":"https:\/\/eldiariodesanpedro.com.ar\/sitio\/dictaron-la-conciliacion-obligatoria-y-la-uta-levanto-el-paro\/","title":{"rendered":"Dictaron la conciliaci\u00f3n obligatoria y la UTA levanto el paro"},"content":{"rendered":"<!-- VideographyWP Plugin Message: Automatic video embedding prevented by plugin options. -->\n\n<p>Se levant\u00f3 el paro de hoy lunes en el servicio de colectivos y seguir\u00e1n las negociaciones de la UTA. El servicio de colectivos en todo el pa\u00eds ser\u00e1 normal: el Ministerio de Trabajo declar\u00f3 ayer al mediod\u00eda la conciliaci\u00f3n obligatoria en el conflicto de la Uni\u00f3n Tranviarios Automotor (UTA) y por eso se levant\u00f3 el paro de 24 horas que se hab\u00eda dispuesto en reclamo de mejoras salariales y de que incluyan cuanto antes a los choferes en el plan nacional de vacunaci\u00f3n.<\/p>\n\n\n\n<p>El ministro de Trabajo, Claudio Moroni, decidi\u00f3 que la conciliaci\u00f3n obligatoria se extienda por 10 d\u00edas, que se prorrogar\u00e1n en caso de que los empresarios y sindicalistas no lleguen a un acuerdo.<\/p>\n\n\n\n<p>La UTA, que lidera Roberto Fern\u00e1ndez, exige una recomposici\u00f3n salarial para 2021 equivalente a la inflaci\u00f3n, aunque mantiene el reclamo desde hace varios meses. A fines febrero dej\u00f3 sin efecto un paro luego de aceptar el pago de $15.000 en tres cuotas iguales para cerrar la paritaria del 2020.<\/p>\n\n\n\n<p>Seg\u00fan el Ministerio de Transporte, los choferes tuvieron una actualizaci\u00f3n en septiembre del 30% en 2020 y se les hizo un reconocimiento del pago del salario 2019 que se pag\u00f3 el a\u00f1o pasado.<\/p>\n\n\n\n<p>Las negociaciones salariales de este a\u00f1o comenzaron en marzo, pero se estancaron ante la firme negativa de los empresarios del sector, que argumentan que no cuentan con los subsidios necesarios como para hacer frente a una mejora de los sueldos para los colectiveros de todo el pa\u00eds.<\/p>\n\n\n\n<p>\u201cExigimos que tanto las autoridades del Ministerio de Transporte como los empresarios sepan que el conflicto salarial no se resuelve sin la sensibilidad y la justicia social que las actuales circunstancias demandan. Queremos urgentes respuestas para llevar el sustento a nuestras familias. Con eso no se juega y lo defenderemos hasta las \u00faltimas consecuencias\u201d, dijo Roberto Fern\u00e1ndez.<\/p>\n\n\n\n<p>El otro reclamo de la UTA parece a\u00fan m\u00e1s complejo de resolver que las paritarias: este sindicato es uno de los tantos que representa a trabajadores que fueron considerados esenciales durante la pandemia y que quedaron afuera de las prioridades del plan oficial de vacunaci\u00f3n.<\/p>\n\n\n\n<p>Seg\u00fan los sindicalistas, hace muchos meses que la UTA gestion\u00f3 ante el Ministerio de Transporte la aplicaci\u00f3n de dosis para los choferes ya que trabajaron durante toda la cuarentena y sigue expuestos a los contagios por el tipo de tareas que desarrollan. Sin embargo, se quejan, hasta ahora les han pedido que esperen, sin ninguna precisi\u00f3n respecto de las fechas para ser inoculados.<\/p>\n","protected":false},"excerpt":{"rendered":"<p>Se levant\u00f3 el paro de hoy lunes en el servicio de colectivos y seguir\u00e1n las negociaciones de la UTA. El servicio de colectivos en todo el pa\u00eds ser\u00e1 normal: el Ministerio de Trabajo declar\u00f3 ayer al mediod\u00eda la conciliaci\u00f3n obligatoria en el conflicto de la Uni\u00f3n Tranviarios Automotor (UTA) y por eso se levant\u00f3 el [&hellip;]<\/p>\n","protected":false},"author":4,"featured_media":91466,"comment_status":"open","ping_status":"closed","sticky":false,"template":"","format":"standard","meta":{"om_disable_all_campaigns":false,"_jetpack_memberships_contains_paid_content":false,"footnotes":""},"categories":[621],"tags":[],"class_list":["post-91465","post","type-post","status-publish","format-standard","has-post-thumbnail","hentry","category-regionales"],"aioseo_notices":[],"gutentor_comment":0,"jetpack_featured_media_url":"https:\/\/eldiariodesanpedro.com.ar\/sitio\/wp-content\/uploads\/2021\/04\/arton157052.jpg","jetpack_shortlink":"https:\/\/wp.me\/p6RhLt-nNf","jetpack_sharing_enabled":true,"_links":{"self":[{"href":"https:\/\/eldiariodesanpedro.com.ar\/sitio\/wp-json\/wp\/v2\/posts\/91465","targetHints":{"allow":["GET"]}}],"collection":[{"href":"https:\/\/eldiariodesanpedro.com.ar\/sitio\/wp-json\/wp\/v2\/posts"}],"about":[{"href":"https:\/\/eldiariodesanpedro.com.ar\/sitio\/wp-json\/wp\/v2\/types\/post"}],"author":[{"embeddable":true,"href":"https:\/\/eldiariodesanpedro.com.ar\/sitio\/wp-json\/wp\/v2\/users\/4"}],"replies":[{"embeddable":true,"href":"https:\/\/eldiariodesanpedro.com.ar\/sitio\/wp-json\/wp\/v2\/comments?post=91465"}],"version-history":[{"count":1,"href":"https:\/\/eldiariodesanpedro.com.ar\/sitio\/wp-json\/wp\/v2\/posts\/91465\/revisions"}],"predecessor-version":[{"id":91467,"href":"https:\/\/eldiariodesanpedro.com.ar\/sitio\/wp-json\/wp\/v2\/posts\/91465\/revisions\/91467"}],"wp:featuredmedia":[{"embeddable":true,"href":"https:\/\/eldiariodesanpedro.com.ar\/sitio\/wp-json\/wp\/v2\/media\/91466"}],"wp:attachment":[{"href":"https:\/\/eldiariodesanpedro.com.ar\/sitio\/wp-json\/wp\/v2\/media?parent=91465"}],"wp:term":[{"taxonomy":"category","embeddable":true,"href":"https:\/\/eldiariodesanpedro.com.ar\/sitio\/wp-json\/wp\/v2\/categories?post=91465"},{"taxonomy":"post_tag","embeddable":true,"href":"https:\/\/eldiariodesanpedro.com.ar\/sitio\/wp-json\/wp\/v2\/tags?post=91465"}],"curies":[{"name":"wp","href":"https:\/\/api.w.org\/{rel}","templated":true}]}}