{"id":91448,"date":"2021-04-26T09:12:39","date_gmt":"2021-04-26T12:12:39","guid":{"rendered":"https:\/\/eldiariodesanpedro.com.ar\/sitio\/?p=91448"},"modified":"2021-04-26T09:12:44","modified_gmt":"2021-04-26T12:12:44","slug":"una-nota-de-la-nacion-resalta-la-vigencia-del-arquero-sampedrino-leonardo-corti","status":"publish","type":"post","link":"https:\/\/eldiariodesanpedro.com.ar\/sitio\/una-nota-de-la-nacion-resalta-la-vigencia-del-arquero-sampedrino-leonardo-corti\/","title":{"rendered":"Una nota de La Naci\u00f3n resalta la vigencia del arquero sampedrino Leonardo Corti"},"content":{"rendered":"<!-- VideographyWP Plugin Message: Automatic video embedding prevented by plugin options. -->\n\n<p>\u00abTomatito\u00bb, como se lo apoda en San Pedro, es uno de los veteranos del f\u00fatbol profesional de nuestro pa\u00eds, y fue destacado en una interesante nota publicada por el suplemento deportivo de La Naci\u00f3n.\u00a0<\/p>\n\n\n\n<p>\u00abArqueros Suplentes: Vivencias del momento m\u00e1s dif\u00edcil del puesto m\u00e1s ingrato\u00bb. As\u00ed titula el suplemento deportivo de La Naci\u00f3n, las circunstancias por las que atraviesan quienes llevaron m\u00e1s veces sobre sus espaldas el n\u00famero 12 y no tanto el n\u00famero 1.&nbsp;<\/p>\n\n\n\n<p>\u00abEntrenan pero no juegan y si entran es por un mal momento del titular\u00bb, dice La Naci\u00f3n, e involucra al jugador sampedrino Leonardo Corti, quien pas\u00f3 por el f\u00fatbol infantil de la ciudad, incursion\u00f3 en el f\u00fatbol de Afa y se transform\u00f3 en uno de los expertos de San Mart\u00edn de San Juan.&nbsp;<\/p>\n\n\n\n<p>Adem\u00e1s, es para destacar que dentro de su extraordinaria carrera deportiva, cuenta con un detalle que no mucho futbolistas profesionales consiguieron y es haber ascendido cuatro veces a primera divisi\u00f3n.&nbsp;<\/p>\n\n\n\n<p>Corti, el \u00abeterno\u00bb suplente<br>Tiene 40 a\u00f1os, hace casi 12 que est\u00e1 en San Mart\u00edn de San Juan y su mejor marca de partidos jugados como titular en una temporada es de 6 encuentros. S\u00ed, es un caso \u00fanico. En el club cuyano solo fue titular en 21 ocasiones, mientras que en otras 288 fue al banco, sin contar las veces que ni siquiera se concentr\u00f3 por ser el tercer arquero. Hoy, mientras disputa el certamen de la Primera Nacional con el conjunto verdinegro y atiende su escuelita de arqueros, le cuenta Leonardo Corti a La Naci\u00f3n su experiencia. \u00abUno quiere jugar siempre, pero a medida que van pasando los a\u00f1os por ah\u00ed las prioridades cambian, te hac\u00e9s m\u00e1s grande y no ten\u00e9s ese capricho de poner mala cara si no te toca jugar. Prioriz\u00e1s que el equipo ande bien, que se peleen cosas. En mi caso, todos los a\u00f1os que he estado ac\u00e1 siempre me pre-par\u00e9 para atajar. Me dec\u00eda bueno, no atajo, \u00bfqu\u00e9 hago?, \u00bfme fastidio o me preparo y si me toca en alg\u00fan momento lo aprovecho? Esa fue mi cabeza y me ayud\u00f3 mucho a disfrutar los entrenamientos\u00bb, se sincera.<\/p>\n\n\n\n<p>Fuerza de voluntad, trabajo mental, ver el lado positivo. Para Corti, ah\u00ed est\u00e1 el secreto de tantos a\u00f1os esperando algo que nunca lleg\u00f3. \u00abY s\u00ed, me queda la espina, ahora que estoy llegando al final, de no haber participado m\u00e1s en el u titular. Pero se dio as\u00ed, tampoco me como la cabeza\u00bb, agrega. Hace un par de temporadas lo llamaron de Almagro, el club donde debut\u00f3 hace 20 a\u00f1os. Pens\u00f3 en aceptar la propuesta, dud\u00f3 seriamente por primera vez en mucho tiempo. Pero finalmente decidi\u00f3 seguir en San Juan, su lugar en el mundo, donde est\u00e1 s\u00faper arraigado con su familia, otro de los factores por los cuales siempre le cost\u00f3 buscar nuevos aires.<\/p>\n\n\n\n<p>Cuando Luis Ardente lleg\u00f3 a San Mart\u00edn de San Juan, a mediados de 2011, Corti ya llevaba dos temporadas en el club. Ese primer a\u00f1o compartiendo plantel, el titular era Luciano Pocernjic, por lo que Leo qued\u00f3 relegado al tercer lugar. \u00bfCelos por la llegada del ex Tigre? Nada de eso. Hoy son grandes amigos. \u00abCon Luis qued\u00f3 una amistad, seguimos en contacto. Como compa\u00f1ero era excelente, en ning\u00fan momento hizo que la relaci\u00f3n sea mala, siempre fue de respeto y de apoyo m\u00e1s all\u00e1 de que \u00e9l sab\u00eda que si me tocaba jugar quer\u00eda agarrar el arco y quedarme, pero mantuvo un nivel alt\u00edsimo durante todos los a\u00f1os que estuvo\u00bb, recuerda hoy desde Corrientes, donde se prepara con Boca Unidos para el Federal A,<\/p>\n\n\n\n<p>Ardente asiente. \u00abDesde que llegu\u00e9 a San Mart\u00edn siempre tuve muy buena relaci\u00f3n con Leo, de estar concentrando todos los partidos durante siete a\u00f1os seguidos nos conocemos a la perfecci\u00f3n. Entend\u00edamos, por-que tenemos la misma edad, que el puesto es para uno. Y bueno, en este caso me ha tocado estar a m\u00ed mucho tiempo atajando con \u00e9l apoy\u00e1ndome. Eso es muy importante para el arquero que est\u00e1 jugando, tener un compa\u00f1ero, o un amigo en este caso, que te apoya incondicionalmente\u00bb, le cuenta a La Naci\u00f3n.<\/p>\n\n\n\n<p>Fuente: La Naci\u00f3n<\/p>\n","protected":false},"excerpt":{"rendered":"<p>\u00abTomatito\u00bb, como se lo apoda en San Pedro, es uno de los veteranos del f\u00fatbol profesional de nuestro pa\u00eds, y fue destacado en una interesante nota publicada por el suplemento deportivo de La Naci\u00f3n.\u00a0 \u00abArqueros Suplentes: Vivencias del momento m\u00e1s dif\u00edcil del puesto m\u00e1s ingrato\u00bb. As\u00ed titula el suplemento deportivo de La Naci\u00f3n, las circunstancias [&hellip;]<\/p>\n","protected":false},"author":4,"featured_media":91449,"comment_status":"open","ping_status":"closed","sticky":false,"template":"","format":"standard","meta":{"om_disable_all_campaigns":false,"_jetpack_memberships_contains_paid_content":false,"footnotes":""},"categories":[101,2],"tags":[],"class_list":["post-91448","post","type-post","status-publish","format-standard","has-post-thumbnail","hentry","category-interes-general-locales","category-locales"],"aioseo_notices":[],"gutentor_comment":0,"jetpack_featured_media_url":"https:\/\/eldiariodesanpedro.com.ar\/sitio\/wp-content\/uploads\/2021\/04\/000091139.jpg","jetpack_shortlink":"https:\/\/wp.me\/p6RhLt-nMY","jetpack_sharing_enabled":true,"_links":{"self":[{"href":"https:\/\/eldiariodesanpedro.com.ar\/sitio\/wp-json\/wp\/v2\/posts\/91448","targetHints":{"allow":["GET"]}}],"collection":[{"href":"https:\/\/eldiariodesanpedro.com.ar\/sitio\/wp-json\/wp\/v2\/posts"}],"about":[{"href":"https:\/\/eldiariodesanpedro.com.ar\/sitio\/wp-json\/wp\/v2\/types\/post"}],"author":[{"embeddable":true,"href":"https:\/\/eldiariodesanpedro.com.ar\/sitio\/wp-json\/wp\/v2\/users\/4"}],"replies":[{"embeddable":true,"href":"https:\/\/eldiariodesanpedro.com.ar\/sitio\/wp-json\/wp\/v2\/comments?post=91448"}],"version-history":[{"count":1,"href":"https:\/\/eldiariodesanpedro.com.ar\/sitio\/wp-json\/wp\/v2\/posts\/91448\/revisions"}],"predecessor-version":[{"id":91450,"href":"https:\/\/eldiariodesanpedro.com.ar\/sitio\/wp-json\/wp\/v2\/posts\/91448\/revisions\/91450"}],"wp:featuredmedia":[{"embeddable":true,"href":"https:\/\/eldiariodesanpedro.com.ar\/sitio\/wp-json\/wp\/v2\/media\/91449"}],"wp:attachment":[{"href":"https:\/\/eldiariodesanpedro.com.ar\/sitio\/wp-json\/wp\/v2\/media?parent=91448"}],"wp:term":[{"taxonomy":"category","embeddable":true,"href":"https:\/\/eldiariodesanpedro.com.ar\/sitio\/wp-json\/wp\/v2\/categories?post=91448"},{"taxonomy":"post_tag","embeddable":true,"href":"https:\/\/eldiariodesanpedro.com.ar\/sitio\/wp-json\/wp\/v2\/tags?post=91448"}],"curies":[{"name":"wp","href":"https:\/\/api.w.org\/{rel}","templated":true}]}}