{"id":91443,"date":"2021-04-26T08:59:15","date_gmt":"2021-04-26T11:59:15","guid":{"rendered":"https:\/\/eldiariodesanpedro.com.ar\/sitio\/?p=91443"},"modified":"2021-04-26T08:59:19","modified_gmt":"2021-04-26T11:59:19","slug":"detienen-a-joven-que-amenazo-e-intento-robar-a-otra-persona","status":"publish","type":"post","link":"https:\/\/eldiariodesanpedro.com.ar\/sitio\/detienen-a-joven-que-amenazo-e-intento-robar-a-otra-persona\/","title":{"rendered":"Detienen a joven que amenaz\u00f3 e intent\u00f3 robar a otra persona"},"content":{"rendered":"<!-- VideographyWP Plugin Message: Automatic video embedding prevented by plugin options. -->\n\n<p>Ambos se conoc\u00edan pero uno intent\u00f3\u00a0robar al otro, lo denunci\u00f3 y como represalia lo amenaz\u00f3. La justicia actu\u00f3 de inmediato y dispuso su detenci\u00f3n.<\/p>\n\n\n\n<p>Personal de la Sub DDI San Pedro- Baradero, con el apoyo de la Comisar\u00eda San Pedro y Comisar\u00eda de la Mujer, por disposici\u00f3n de la fiscal Mar\u00eda del Valle Viviani, detuvo a un joven de 21 a\u00f1os quien horas antes hab\u00eda sido denunciado por intentar robar y amenazar a su v\u00edctima.<\/p>\n\n\n\n<p>Seg\u00fan el hombre denunciante el d\u00eda 22 de abril hab\u00eda mantenido una situaci\u00f3n \u00edntima en su casa con el acusado, circunstancia en donde utilizando un arma blanca intent\u00f3 sustraerle diversas pertenencias sin poder lograrlos.<\/p>\n\n\n\n<p>De todos modos, al enterarse de que el hombre lo hab\u00eda denunciado, comenz\u00f3 a amenazarlo en reiteradas oportunidades a modo de represalia.<\/p>\n\n\n\n<p>A ra\u00edz de esta situaci\u00f3n se inici\u00f3 una causa caratulada como robo agravado en grado de tentativa y amenazas en concurso real y con la habilitaci\u00f3n del Juzgado de Garant\u00edas N\u00b0 3 a cargo de la Dra. Maiztegui se efectu\u00f3 un allanamiento con orden de detenci\u00f3n. As\u00ed, en un domicilio de la calle Ruffa 1500 se logr\u00f3 dar con el imputado quien fue detenido, puesto a disposici\u00f3n de la justicia y alojado en la sede de la DDI San Nicol\u00e1s.<\/p>\n\n\n\n<p>Fuente: <a href=\"https:\/\/www.sanpedroinforma.com.ar\/nota\/124150\/interes-general\/detienen-a-joven-que-amenazo-e-intento-robar-a-otra-persona.html\">San Pedro Informa<\/a><\/p>\n","protected":false},"excerpt":{"rendered":"<p>Ambos se conoc\u00edan pero uno intent\u00f3\u00a0robar al otro, lo denunci\u00f3 y como represalia lo amenaz\u00f3. La justicia actu\u00f3 de inmediato y dispuso su detenci\u00f3n. Personal de la Sub DDI San Pedro- Baradero, con el apoyo de la Comisar\u00eda San Pedro y Comisar\u00eda de la Mujer, por disposici\u00f3n de la fiscal Mar\u00eda del Valle Viviani, detuvo [&hellip;]<\/p>\n","protected":false},"author":4,"featured_media":91444,"comment_status":"open","ping_status":"closed","sticky":false,"template":"","format":"standard","meta":{"om_disable_all_campaigns":false,"_jetpack_memberships_contains_paid_content":false,"footnotes":""},"categories":[50,2,103],"tags":[],"class_list":["post-91443","post","type-post","status-publish","format-standard","has-post-thumbnail","hentry","category-destacadas","category-locales","category-policiales-locales"],"aioseo_notices":[],"gutentor_comment":0,"jetpack_featured_media_url":"https:\/\/eldiariodesanpedro.com.ar\/sitio\/wp-content\/uploads\/2021\/04\/000091131.jpg","jetpack_shortlink":"https:\/\/wp.me\/p6RhLt-nMT","jetpack_sharing_enabled":true,"_links":{"self":[{"href":"https:\/\/eldiariodesanpedro.com.ar\/sitio\/wp-json\/wp\/v2\/posts\/91443","targetHints":{"allow":["GET"]}}],"collection":[{"href":"https:\/\/eldiariodesanpedro.com.ar\/sitio\/wp-json\/wp\/v2\/posts"}],"about":[{"href":"https:\/\/eldiariodesanpedro.com.ar\/sitio\/wp-json\/wp\/v2\/types\/post"}],"author":[{"embeddable":true,"href":"https:\/\/eldiariodesanpedro.com.ar\/sitio\/wp-json\/wp\/v2\/users\/4"}],"replies":[{"embeddable":true,"href":"https:\/\/eldiariodesanpedro.com.ar\/sitio\/wp-json\/wp\/v2\/comments?post=91443"}],"version-history":[{"count":1,"href":"https:\/\/eldiariodesanpedro.com.ar\/sitio\/wp-json\/wp\/v2\/posts\/91443\/revisions"}],"predecessor-version":[{"id":91445,"href":"https:\/\/eldiariodesanpedro.com.ar\/sitio\/wp-json\/wp\/v2\/posts\/91443\/revisions\/91445"}],"wp:featuredmedia":[{"embeddable":true,"href":"https:\/\/eldiariodesanpedro.com.ar\/sitio\/wp-json\/wp\/v2\/media\/91444"}],"wp:attachment":[{"href":"https:\/\/eldiariodesanpedro.com.ar\/sitio\/wp-json\/wp\/v2\/media?parent=91443"}],"wp:term":[{"taxonomy":"category","embeddable":true,"href":"https:\/\/eldiariodesanpedro.com.ar\/sitio\/wp-json\/wp\/v2\/categories?post=91443"},{"taxonomy":"post_tag","embeddable":true,"href":"https:\/\/eldiariodesanpedro.com.ar\/sitio\/wp-json\/wp\/v2\/tags?post=91443"}],"curies":[{"name":"wp","href":"https:\/\/api.w.org\/{rel}","templated":true}]}}