{"id":91437,"date":"2021-04-26T08:39:54","date_gmt":"2021-04-26T11:39:54","guid":{"rendered":"https:\/\/eldiariodesanpedro.com.ar\/sitio\/?p=91437"},"modified":"2021-04-26T08:39:58","modified_gmt":"2021-04-26T11:39:58","slug":"region-sanitaria-iv-tenemos-al-50-de-las-personas-inscriptas-con-la-primera-dosis","status":"publish","type":"post","link":"https:\/\/eldiariodesanpedro.com.ar\/sitio\/region-sanitaria-iv-tenemos-al-50-de-las-personas-inscriptas-con-la-primera-dosis\/","title":{"rendered":"Regi\u00f3n sanitaria IV: \u201cTenemos al 50% de las personas inscriptas con la primera dosis\u201d"},"content":{"rendered":"<!-- VideographyWP Plugin Message: Automatic video embedding prevented by plugin options. -->\n\n<p>Walter Mart\u00ednez dialog\u00f3 sobre la situaci\u00f3n de la Regi\u00f3n que dirige &#8211; la cual est\u00e1 encabezada por municipios c\u00f3mo Pergamino, Col\u00f3n y San Nicol\u00e1s -, la vacunaci\u00f3n y m\u00e1s.<\/p>\n\n\n\n<p>Los casos en la provincia de Buenos Aires y en el pa\u00eds han tenido en las \u00faltimas semanas una suba importante.\u00a0Es por ello que se tomaron nuevas medidas de restricci\u00f3n, con el objetivo de bajar la curva.<\/p>\n\n\n\n<p>En este marco, Nueva BA habl\u00f3 con Walter Mart\u00ednez, Director Ejecutivo de la Regi\u00f3n Sanitaria IV, para conocer la situaci\u00f3n del territorio donde trabaja:&nbsp;\u201cEs preocupante, notamos un aumento en estas tres \u00faltimas semanas de forma acelerada en cuenta al a cantidad de casos, lo que se traduce con una mayor positividad que est\u00e1 afectando incluso a personas m\u00e1s j\u00f3venes, d\u00e1ndose tambi\u00e9n la situaci\u00f3n que se requiere internaci\u00f3n en periodos m\u00e1s r\u00e1pidos de tiempo.&nbsp;Todo hace indicar que el pico de contagio en cuanto a la cantidad y su velocidad va a superar ampliamente lo sucedido en la llamada primera ola\u201d.<br><br>La Regi\u00f3n IV contempla los municipios de Col\u00f3n, Pergamino, San Nicol\u00e1s, Ramallo, San Pedro, Bartolom\u00e9 Mitre, Baradero, Capit\u00e1n Sarmiento, San Antonio de Areco, Carmen de Areco, San Andr\u00e9s de Giles, Salto y Rojas.<\/p>\n\n\n\n<p>En cuanto a las restricciones, consider\u00f3 que&nbsp;\u201ctodo tipo de restricciones que se implementen para evitar la circulaci\u00f3n de los vecinos va a colaborar con la disminuci\u00f3n del ritmo de la cadena de contagio\u201d&nbsp;y agreg\u00f3&nbsp;\u201cesta situaci\u00f3n debe ir analiz\u00e1ndose en forma peri\u00f3dica y de acuerdo a este an\u00e1lisis epidemiol\u00f3gico considero pertinente aumentar o disminuir las restricciones\u201d.<br><br>La \u00fanica soluci\u00f3n que se conoce a largo plazo es la vacunaci\u00f3n, algo que est\u00e1 condicionando al mundo por el ritmo de entrega, las compras y la falta de patentes, que son monopolizadas por las grandes potencias mundiales. En ese marco, Mart\u00ednez cree que&nbsp;\u201cel ritmo de vacunaci\u00f3n teniendo en cuenta la realidad internacional y la puja de los distintos Estados por conseguir un mismo insumo al mismo momento lo considero bueno\u201d.<\/p>\n\n\n\n<p>Tambi\u00e9n explic\u00f3 que el ritmo&nbsp;\u201cpermiti\u00f3 en nuestra regi\u00f3n superar a&nbsp;m\u00e1s del 95% de los trabajadores de la salud vacunados y tambi\u00e9n nos permite en la actualidad tener aproximadamente el 50% de las personas que se inscribieron para vacunarse con la primera dosis ya aplicada, como as\u00ed tambi\u00e9n estamos muy pr\u00f3ximos a vacunar al 100% de los adultos mayores de 70 a\u00f1os y llegar al 70% de los mayores de 60 a\u00f1os.&nbsp; Este ritmo de vacunaci\u00f3n nos permitir\u00e1 de seguir de esta manera completar los dem\u00e1s grupos poblacionales en forma satisfactoria\u201d.<br><br>Una de las mayores preocupaciones por parte del Ministerio de Salud y los gobiernos es la ocupaci\u00f3n que est\u00e1n teniendo los hospitales a lo largo y ancho del pa\u00eds. El Director Ejecutivo de la Regi\u00f3n Sanitaria IV, se\u00f1al\u00f3 en principio que&nbsp;\u201cgracias al esfuerzo del Gobernador Axel Kicillof, del Ministro de Salud Daniel Gollan, del Viceministro Nicol\u00e1s Kreplak&nbsp; y a las pol\u00edticas sanitarias impuestas desde los distintos niveles del ministerio se logr\u00f3 mejorar considerablemente en relaci\u00f3n a a\u00f1os anteriores llegando a duplicar la cantidad de camas de terapia intensiva en nuestra regi\u00f3n\u201d, pero que a\u00fan as\u00ed&nbsp;\u201cla situaci\u00f3n actual es muy compleja, estamos casi a un 60% de ocupaci\u00f3n de camas, y continuamos d\u00eda a d\u00eda para incorporar m\u00e1s camas tanto de terapia como de sala general y tambi\u00e9n reacomodar el sistema de internaci\u00f3n extra hospitalario para pacientes covid\u201d.<\/p>\n\n\n\n<p>Por \u00faltimo, al ser consultado sobre la circulaci\u00f3n de las cepas de Manaos y Reino Unido, especific\u00f3 que a\u00fan&nbsp;\u201cno tenemos confirmaci\u00f3n por laboratorio de tener circulando en nuestra regi\u00f3n sanitaria las nuevas cepas de covid al d\u00eda de la fecha\u201d.<br><br>De esta manera seguimos conociendo las diversas realidades de las regiones de nuestra provincia,&nbsp;para conocer la expansi\u00f3n del virus.<\/p>\n\n\n\n<p>Fuente:&nbsp;Nueva BA<\/p>\n","protected":false},"excerpt":{"rendered":"<p>Walter Mart\u00ednez dialog\u00f3 sobre la situaci\u00f3n de la Regi\u00f3n que dirige &#8211; la cual est\u00e1 encabezada por municipios c\u00f3mo Pergamino, Col\u00f3n y San Nicol\u00e1s -, la vacunaci\u00f3n y m\u00e1s. Los casos en la provincia de Buenos Aires y en el pa\u00eds han tenido en las \u00faltimas semanas una suba importante.\u00a0Es por ello que se tomaron [&hellip;]<\/p>\n","protected":false},"author":4,"featured_media":91438,"comment_status":"open","ping_status":"closed","sticky":false,"template":"","format":"standard","meta":{"om_disable_all_campaigns":false,"_jetpack_memberships_contains_paid_content":false,"footnotes":""},"categories":[50,101,2],"tags":[],"class_list":["post-91437","post","type-post","status-publish","format-standard","has-post-thumbnail","hentry","category-destacadas","category-interes-general-locales","category-locales"],"aioseo_notices":[],"gutentor_comment":0,"jetpack_featured_media_url":"https:\/\/eldiariodesanpedro.com.ar\/sitio\/wp-content\/uploads\/2021\/04\/000091115.jpg","jetpack_shortlink":"https:\/\/wp.me\/p6RhLt-nMN","jetpack_sharing_enabled":true,"_links":{"self":[{"href":"https:\/\/eldiariodesanpedro.com.ar\/sitio\/wp-json\/wp\/v2\/posts\/91437","targetHints":{"allow":["GET"]}}],"collection":[{"href":"https:\/\/eldiariodesanpedro.com.ar\/sitio\/wp-json\/wp\/v2\/posts"}],"about":[{"href":"https:\/\/eldiariodesanpedro.com.ar\/sitio\/wp-json\/wp\/v2\/types\/post"}],"author":[{"embeddable":true,"href":"https:\/\/eldiariodesanpedro.com.ar\/sitio\/wp-json\/wp\/v2\/users\/4"}],"replies":[{"embeddable":true,"href":"https:\/\/eldiariodesanpedro.com.ar\/sitio\/wp-json\/wp\/v2\/comments?post=91437"}],"version-history":[{"count":1,"href":"https:\/\/eldiariodesanpedro.com.ar\/sitio\/wp-json\/wp\/v2\/posts\/91437\/revisions"}],"predecessor-version":[{"id":91439,"href":"https:\/\/eldiariodesanpedro.com.ar\/sitio\/wp-json\/wp\/v2\/posts\/91437\/revisions\/91439"}],"wp:featuredmedia":[{"embeddable":true,"href":"https:\/\/eldiariodesanpedro.com.ar\/sitio\/wp-json\/wp\/v2\/media\/91438"}],"wp:attachment":[{"href":"https:\/\/eldiariodesanpedro.com.ar\/sitio\/wp-json\/wp\/v2\/media?parent=91437"}],"wp:term":[{"taxonomy":"category","embeddable":true,"href":"https:\/\/eldiariodesanpedro.com.ar\/sitio\/wp-json\/wp\/v2\/categories?post=91437"},{"taxonomy":"post_tag","embeddable":true,"href":"https:\/\/eldiariodesanpedro.com.ar\/sitio\/wp-json\/wp\/v2\/tags?post=91437"}],"curies":[{"name":"wp","href":"https:\/\/api.w.org\/{rel}","templated":true}]}}