{"id":91435,"date":"2021-04-26T08:35:41","date_gmt":"2021-04-26T11:35:41","guid":{"rendered":"https:\/\/eldiariodesanpedro.com.ar\/sitio\/?p=91435"},"modified":"2021-04-26T09:00:55","modified_gmt":"2021-04-26T12:00:55","slug":"anses-informa-cronograma-de-pagos-para-este-lunes","status":"publish","type":"post","link":"https:\/\/eldiariodesanpedro.com.ar\/sitio\/anses-informa-cronograma-de-pagos-para-este-lunes\/","title":{"rendered":"Anses informa: Cronograma de pagos para este lunes"},"content":{"rendered":"<!-- VideographyWP Plugin Message: Automatic video embedding prevented by plugin options. -->\n\n<p><strong>El organismo, a cargo de la Lic. Fernanda Raverta, informa que hoy comienza el pago del refuerzo de los 15.000 pesos y, adem\u00e1s, se abonan jubilaciones, pensiones y Prestaci\u00f3n por Desempleo.<\/strong><\/p>\n\n\n\n<p><strong>Refuerzo de 15.000 pesos<\/strong><br><strong>Hoy se deposita, autom\u00e1ticamente y sin tr\u00e1mite previo, el refuerzo de 15.000 para titulares de la Asignaci\u00f3n Universal por Hijo (AUH), Asignaci\u00f3n por Embarazo y monotributistas A y B que cobren Asignaciones Familiares con DNI finalizados en\u00a00.<\/strong> (SOLO PARA EL AMBA Y MUNICIPIOS EN FASE 2)<\/p>\n\n\n\n<p><strong>Jubilaciones&nbsp;y&nbsp;pensiones&nbsp;del Sistema Integrado Previsional Argentino<\/strong><br>Las sucursales bancarias habilitadas atender\u00e1n por ventanilla a jubilados, jubiladas, pensionados y pensionadas que tengan haberes entre&nbsp;<strong>23.120 pesos<\/strong>&nbsp;<strong>y 138.426 pesos&nbsp;<\/strong>y susdocumentos terminen en&nbsp;<strong>0&nbsp;<\/strong>y<strong>&nbsp;1<\/strong>.<br>En este sentido, si bien estas personas no tienen que solicitar turno previo para cobrar el beneficio,&nbsp;deben acercarse a la sucursal bancaria \u00fanicamente en la fecha asignada. Cabe recordar que los haberes permanecer\u00e1n depositados en sus cuentas.<\/p>\n\n\n\n<p><strong>Prestaci\u00f3n por Desempleo<\/strong><br>Hoy perciben la Prestaci\u00f3n por Desempleo las personas cuyos documentos concluyan en&nbsp;<strong>2&nbsp;<\/strong>y<strong>&nbsp;3<\/strong>.<\/p>\n","protected":false},"excerpt":{"rendered":"<p>El organismo, a cargo de la Lic. Fernanda Raverta, informa que hoy comienza el pago del refuerzo de los 15.000 pesos y, adem\u00e1s, se abonan jubilaciones, pensiones y Prestaci\u00f3n por Desempleo. Refuerzo de 15.000 pesosHoy se deposita, autom\u00e1ticamente y sin tr\u00e1mite previo, el refuerzo de 15.000 para titulares de la Asignaci\u00f3n Universal por Hijo (AUH), [&hellip;]<\/p>\n","protected":false},"author":4,"featured_media":78151,"comment_status":"open","ping_status":"closed","sticky":false,"template":"","format":"standard","meta":{"om_disable_all_campaigns":false,"_jetpack_memberships_contains_paid_content":false,"footnotes":""},"categories":[2,103],"tags":[],"class_list":["post-91435","post","type-post","status-publish","format-standard","has-post-thumbnail","hentry","category-locales","category-policiales-locales"],"aioseo_notices":[],"gutentor_comment":0,"jetpack_featured_media_url":"https:\/\/eldiariodesanpedro.com.ar\/sitio\/wp-content\/uploads\/2020\/07\/no_r56y7yhcdxii0d4no_u1ar6zugu8hp9quanses.jpg","jetpack_shortlink":"https:\/\/wp.me\/p6RhLt-nML","jetpack_sharing_enabled":true,"_links":{"self":[{"href":"https:\/\/eldiariodesanpedro.com.ar\/sitio\/wp-json\/wp\/v2\/posts\/91435","targetHints":{"allow":["GET"]}}],"collection":[{"href":"https:\/\/eldiariodesanpedro.com.ar\/sitio\/wp-json\/wp\/v2\/posts"}],"about":[{"href":"https:\/\/eldiariodesanpedro.com.ar\/sitio\/wp-json\/wp\/v2\/types\/post"}],"author":[{"embeddable":true,"href":"https:\/\/eldiariodesanpedro.com.ar\/sitio\/wp-json\/wp\/v2\/users\/4"}],"replies":[{"embeddable":true,"href":"https:\/\/eldiariodesanpedro.com.ar\/sitio\/wp-json\/wp\/v2\/comments?post=91435"}],"version-history":[{"count":3,"href":"https:\/\/eldiariodesanpedro.com.ar\/sitio\/wp-json\/wp\/v2\/posts\/91435\/revisions"}],"predecessor-version":[{"id":91447,"href":"https:\/\/eldiariodesanpedro.com.ar\/sitio\/wp-json\/wp\/v2\/posts\/91435\/revisions\/91447"}],"wp:featuredmedia":[{"embeddable":true,"href":"https:\/\/eldiariodesanpedro.com.ar\/sitio\/wp-json\/wp\/v2\/media\/78151"}],"wp:attachment":[{"href":"https:\/\/eldiariodesanpedro.com.ar\/sitio\/wp-json\/wp\/v2\/media?parent=91435"}],"wp:term":[{"taxonomy":"category","embeddable":true,"href":"https:\/\/eldiariodesanpedro.com.ar\/sitio\/wp-json\/wp\/v2\/categories?post=91435"},{"taxonomy":"post_tag","embeddable":true,"href":"https:\/\/eldiariodesanpedro.com.ar\/sitio\/wp-json\/wp\/v2\/tags?post=91435"}],"curies":[{"name":"wp","href":"https:\/\/api.w.org\/{rel}","templated":true}]}}