{"id":91430,"date":"2021-04-25T19:37:27","date_gmt":"2021-04-25T22:37:27","guid":{"rendered":"https:\/\/eldiariodesanpedro.com.ar\/sitio\/?p=91430"},"modified":"2021-04-25T19:37:31","modified_gmt":"2021-04-25T22:37:31","slug":"cronograma-de-pago-de-anses-para-manana-lunes","status":"publish","type":"post","link":"https:\/\/eldiariodesanpedro.com.ar\/sitio\/cronograma-de-pago-de-anses-para-manana-lunes\/","title":{"rendered":"Cronograma de pago de Anses para ma\u00f1ana lunes"},"content":{"rendered":"<!-- VideographyWP Plugin Message: Automatic video embedding prevented by plugin options. -->\n\n<p>El organismo, a cargo de la Lic. Fernanda Raverta, informa que ma\u00f1ana comienza el pago del refuerzo de los 15.000 pesos y, adem\u00e1s, se abonan jubilaciones, pensiones y Prestaci\u00f3n por Desempleo.<\/p>\n\n\n\n<p><strong>Refuerzo de 15.000 pesos<\/strong><br>Ma\u00f1ana se deposita, autom\u00e1ticamente y sin tr\u00e1mite previo, el refuerzo de 15.000 para titulares de la Asignaci\u00f3n Universal por Hijo (AUH), Asignaci\u00f3n por Embarazo y monotributistas A y B que cobren Asignaciones Familiares con DNI finalizados en\u00a0<strong>0<\/strong>.<\/p>\n\n\n\n<p><strong>Jubilaciones\u00a0y\u00a0pensiones\u00a0del Sistema Integrado Previsional Argentino<\/strong><br>Las sucursales bancarias habilitadas atender\u00e1n por ventanilla a jubilados, jubiladas, pensionados y pensionadas que tengan haberes entre\u00a0<strong>23.120 pesos<\/strong>\u00a0<strong>y 138.426 pesos\u00a0<\/strong>y susdocumentos terminen en\u00a0<strong>0\u00a0<\/strong>y<strong>\u00a01<\/strong>.<br>En este sentido, si bien estas personas no tienen que solicitar turno previo para cobrar el beneficio,\u00a0deben acercarse a la sucursal bancaria \u00fanicamente en la fecha asignada. Cabe recordar que los haberes permanecer\u00e1n depositados en sus cuentas.<\/p>\n\n\n\n<p><strong>Prestaci\u00f3n por Desempleo<\/strong><br>Ma\u00f1ana perciben la Prestaci\u00f3n por Desempleo las personas cuyos documentos concluyan en\u00a0<strong>2\u00a0<\/strong>y<strong>\u00a03<\/strong>.<\/p>\n","protected":false},"excerpt":{"rendered":"<p>El organismo, a cargo de la Lic. Fernanda Raverta, informa que ma\u00f1ana comienza el pago del refuerzo de los 15.000 pesos y, adem\u00e1s, se abonan jubilaciones, pensiones y Prestaci\u00f3n por Desempleo. Refuerzo de 15.000 pesosMa\u00f1ana se deposita, autom\u00e1ticamente y sin tr\u00e1mite previo, el refuerzo de 15.000 para titulares de la Asignaci\u00f3n Universal por Hijo (AUH), [&hellip;]<\/p>\n","protected":false},"author":4,"featured_media":79417,"comment_status":"open","ping_status":"closed","sticky":false,"template":"","format":"standard","meta":{"om_disable_all_campaigns":false,"_jetpack_memberships_contains_paid_content":false,"footnotes":""},"categories":[101,2],"tags":[],"class_list":["post-91430","post","type-post","status-publish","format-standard","has-post-thumbnail","hentry","category-interes-general-locales","category-locales"],"aioseo_notices":[],"gutentor_comment":0,"jetpack_featured_media_url":"https:\/\/eldiariodesanpedro.com.ar\/sitio\/wp-content\/uploads\/2020\/08\/1588601711_001936_1588601952_noticia_normal.jpg","jetpack_shortlink":"https:\/\/wp.me\/p6RhLt-nMG","jetpack_sharing_enabled":true,"_links":{"self":[{"href":"https:\/\/eldiariodesanpedro.com.ar\/sitio\/wp-json\/wp\/v2\/posts\/91430","targetHints":{"allow":["GET"]}}],"collection":[{"href":"https:\/\/eldiariodesanpedro.com.ar\/sitio\/wp-json\/wp\/v2\/posts"}],"about":[{"href":"https:\/\/eldiariodesanpedro.com.ar\/sitio\/wp-json\/wp\/v2\/types\/post"}],"author":[{"embeddable":true,"href":"https:\/\/eldiariodesanpedro.com.ar\/sitio\/wp-json\/wp\/v2\/users\/4"}],"replies":[{"embeddable":true,"href":"https:\/\/eldiariodesanpedro.com.ar\/sitio\/wp-json\/wp\/v2\/comments?post=91430"}],"version-history":[{"count":1,"href":"https:\/\/eldiariodesanpedro.com.ar\/sitio\/wp-json\/wp\/v2\/posts\/91430\/revisions"}],"predecessor-version":[{"id":91431,"href":"https:\/\/eldiariodesanpedro.com.ar\/sitio\/wp-json\/wp\/v2\/posts\/91430\/revisions\/91431"}],"wp:featuredmedia":[{"embeddable":true,"href":"https:\/\/eldiariodesanpedro.com.ar\/sitio\/wp-json\/wp\/v2\/media\/79417"}],"wp:attachment":[{"href":"https:\/\/eldiariodesanpedro.com.ar\/sitio\/wp-json\/wp\/v2\/media?parent=91430"}],"wp:term":[{"taxonomy":"category","embeddable":true,"href":"https:\/\/eldiariodesanpedro.com.ar\/sitio\/wp-json\/wp\/v2\/categories?post=91430"},{"taxonomy":"post_tag","embeddable":true,"href":"https:\/\/eldiariodesanpedro.com.ar\/sitio\/wp-json\/wp\/v2\/tags?post=91430"}],"curies":[{"name":"wp","href":"https:\/\/api.w.org\/{rel}","templated":true}]}}