{"id":91426,"date":"2021-04-25T19:29:39","date_gmt":"2021-04-25T22:29:39","guid":{"rendered":"https:\/\/eldiariodesanpedro.com.ar\/sitio\/?p=91426"},"modified":"2021-04-25T19:29:44","modified_gmt":"2021-04-25T22:29:44","slug":"un-herido-de-arma-blanca-en-las-primeas-horas-de-este-domingo","status":"publish","type":"post","link":"https:\/\/eldiariodesanpedro.com.ar\/sitio\/un-herido-de-arma-blanca-en-las-primeas-horas-de-este-domingo\/","title":{"rendered":"Un herido de arma blanca en las primeas horas de este domingo"},"content":{"rendered":"<!-- VideographyWP Plugin Message: Automatic video embedding prevented by plugin options. -->\n\n<p>Este domingo promediando las 06:45 hs se toma conocimiento ingres\u00f3 herido arma blanca hospital local identificado como un joven de 19 a\u00f1os, siendo &nbsp; trasladado desde calle Fray C. Rodr\u00edguez 1700 por la ambulancia del SAME.<\/p>\n\n\n\n<p>Seg\u00fan se pudo constatar por testimonios de testigos refieren a un problema personal con su&nbsp; agresor otro masculino que fue identificado por la v\u00edctima.&nbsp;&nbsp;&nbsp;&nbsp;<\/p>\n\n\n\n<p>El herido presenta lesiones leves en la regi\u00f3n pierna izquierda producto de un arma blanca.<\/p>\n\n\n\n<p>se investiga con intervenci\u00f3n de la justicia local.&nbsp;<\/p>\n","protected":false},"excerpt":{"rendered":"<p>Este domingo promediando las 06:45 hs se toma conocimiento ingres\u00f3 herido arma blanca hospital local identificado como un joven de 19 a\u00f1os, siendo &nbsp; trasladado desde calle Fray C. Rodr\u00edguez 1700 por la ambulancia del SAME. Seg\u00fan se pudo constatar por testimonios de testigos refieren a un problema personal con su&nbsp; agresor otro masculino que [&hellip;]<\/p>\n","protected":false},"author":4,"featured_media":69278,"comment_status":"open","ping_status":"closed","sticky":false,"template":"","format":"standard","meta":{"om_disable_all_campaigns":false,"_jetpack_memberships_contains_paid_content":false,"footnotes":""},"categories":[2,103],"tags":[],"class_list":["post-91426","post","type-post","status-publish","format-standard","has-post-thumbnail","hentry","category-locales","category-policiales-locales"],"aioseo_notices":[],"gutentor_comment":0,"jetpack_featured_media_url":"https:\/\/eldiariodesanpedro.com.ar\/sitio\/wp-content\/uploads\/2020\/02\/hospital_guardia_1.jpg","jetpack_shortlink":"https:\/\/wp.me\/p6RhLt-nMC","jetpack_sharing_enabled":true,"_links":{"self":[{"href":"https:\/\/eldiariodesanpedro.com.ar\/sitio\/wp-json\/wp\/v2\/posts\/91426","targetHints":{"allow":["GET"]}}],"collection":[{"href":"https:\/\/eldiariodesanpedro.com.ar\/sitio\/wp-json\/wp\/v2\/posts"}],"about":[{"href":"https:\/\/eldiariodesanpedro.com.ar\/sitio\/wp-json\/wp\/v2\/types\/post"}],"author":[{"embeddable":true,"href":"https:\/\/eldiariodesanpedro.com.ar\/sitio\/wp-json\/wp\/v2\/users\/4"}],"replies":[{"embeddable":true,"href":"https:\/\/eldiariodesanpedro.com.ar\/sitio\/wp-json\/wp\/v2\/comments?post=91426"}],"version-history":[{"count":1,"href":"https:\/\/eldiariodesanpedro.com.ar\/sitio\/wp-json\/wp\/v2\/posts\/91426\/revisions"}],"predecessor-version":[{"id":91427,"href":"https:\/\/eldiariodesanpedro.com.ar\/sitio\/wp-json\/wp\/v2\/posts\/91426\/revisions\/91427"}],"wp:featuredmedia":[{"embeddable":true,"href":"https:\/\/eldiariodesanpedro.com.ar\/sitio\/wp-json\/wp\/v2\/media\/69278"}],"wp:attachment":[{"href":"https:\/\/eldiariodesanpedro.com.ar\/sitio\/wp-json\/wp\/v2\/media?parent=91426"}],"wp:term":[{"taxonomy":"category","embeddable":true,"href":"https:\/\/eldiariodesanpedro.com.ar\/sitio\/wp-json\/wp\/v2\/categories?post=91426"},{"taxonomy":"post_tag","embeddable":true,"href":"https:\/\/eldiariodesanpedro.com.ar\/sitio\/wp-json\/wp\/v2\/tags?post=91426"}],"curies":[{"name":"wp","href":"https:\/\/api.w.org\/{rel}","templated":true}]}}