{"id":91424,"date":"2021-04-25T19:21:14","date_gmt":"2021-04-25T22:21:14","guid":{"rendered":"https:\/\/eldiariodesanpedro.com.ar\/sitio\/?p=91424"},"modified":"2021-04-25T19:21:19","modified_gmt":"2021-04-25T22:21:19","slug":"delincuente-ingreso-a-la-casa-y-se-llevo-un-televisor","status":"publish","type":"post","link":"https:\/\/eldiariodesanpedro.com.ar\/sitio\/delincuente-ingreso-a-la-casa-y-se-llevo-un-televisor\/","title":{"rendered":"Delincuente ingreso a la casa y se llevo un televisor"},"content":{"rendered":"<!-- VideographyWP Plugin Message: Automatic video embedding prevented by plugin options. -->\n\n<p>En la jornada de este domingo en horas de la madrugada ocurri\u00f3 un hecho donde delincuentes sustrajeron un televisor.<\/p>\n\n\n\n<p>Seg\u00fan se recibi\u00f3 la denuncia en la comisar\u00eda local este domingo por un hecho de robo en calle Riobamba al 1200, donde ignorados tras violentar la puerta trasera, sustrajeron un tv led perteneciente a una mujer de 69 a\u00f1os de edad.\u00a0<\/p>\n\n\n\n<p>Se investiga con intervenci\u00f3n de la justicia local<\/p>\n","protected":false},"excerpt":{"rendered":"<p>En la jornada de este domingo en horas de la madrugada ocurri\u00f3 un hecho donde delincuentes sustrajeron un televisor. Seg\u00fan se recibi\u00f3 la denuncia en la comisar\u00eda local este domingo por un hecho de robo en calle Riobamba al 1200, donde ignorados tras violentar la puerta trasera, sustrajeron un tv led perteneciente a una mujer [&hellip;]<\/p>\n","protected":false},"author":4,"featured_media":77561,"comment_status":"open","ping_status":"closed","sticky":false,"template":"","format":"standard","meta":{"om_disable_all_campaigns":false,"_jetpack_memberships_contains_paid_content":false,"footnotes":""},"categories":[2,103],"tags":[],"class_list":["post-91424","post","type-post","status-publish","format-standard","has-post-thumbnail","hentry","category-locales","category-policiales-locales"],"aioseo_notices":[],"gutentor_comment":0,"jetpack_featured_media_url":"https:\/\/eldiariodesanpedro.com.ar\/sitio\/wp-content\/uploads\/2020\/07\/20200709072134.jpg","jetpack_shortlink":"https:\/\/wp.me\/p6RhLt-nMA","jetpack_sharing_enabled":true,"_links":{"self":[{"href":"https:\/\/eldiariodesanpedro.com.ar\/sitio\/wp-json\/wp\/v2\/posts\/91424","targetHints":{"allow":["GET"]}}],"collection":[{"href":"https:\/\/eldiariodesanpedro.com.ar\/sitio\/wp-json\/wp\/v2\/posts"}],"about":[{"href":"https:\/\/eldiariodesanpedro.com.ar\/sitio\/wp-json\/wp\/v2\/types\/post"}],"author":[{"embeddable":true,"href":"https:\/\/eldiariodesanpedro.com.ar\/sitio\/wp-json\/wp\/v2\/users\/4"}],"replies":[{"embeddable":true,"href":"https:\/\/eldiariodesanpedro.com.ar\/sitio\/wp-json\/wp\/v2\/comments?post=91424"}],"version-history":[{"count":1,"href":"https:\/\/eldiariodesanpedro.com.ar\/sitio\/wp-json\/wp\/v2\/posts\/91424\/revisions"}],"predecessor-version":[{"id":91425,"href":"https:\/\/eldiariodesanpedro.com.ar\/sitio\/wp-json\/wp\/v2\/posts\/91424\/revisions\/91425"}],"wp:featuredmedia":[{"embeddable":true,"href":"https:\/\/eldiariodesanpedro.com.ar\/sitio\/wp-json\/wp\/v2\/media\/77561"}],"wp:attachment":[{"href":"https:\/\/eldiariodesanpedro.com.ar\/sitio\/wp-json\/wp\/v2\/media?parent=91424"}],"wp:term":[{"taxonomy":"category","embeddable":true,"href":"https:\/\/eldiariodesanpedro.com.ar\/sitio\/wp-json\/wp\/v2\/categories?post=91424"},{"taxonomy":"post_tag","embeddable":true,"href":"https:\/\/eldiariodesanpedro.com.ar\/sitio\/wp-json\/wp\/v2\/tags?post=91424"}],"curies":[{"name":"wp","href":"https:\/\/api.w.org\/{rel}","templated":true}]}}