{"id":91422,"date":"2021-04-25T19:17:37","date_gmt":"2021-04-25T22:17:37","guid":{"rendered":"https:\/\/eldiariodesanpedro.com.ar\/sitio\/?p=91422"},"modified":"2021-04-25T19:17:41","modified_gmt":"2021-04-25T22:17:41","slug":"le-robaron-su-bicicleta-cuando-la-dejo-fuera-de-su-trabajo","status":"publish","type":"post","link":"https:\/\/eldiariodesanpedro.com.ar\/sitio\/le-robaron-su-bicicleta-cuando-la-dejo-fuera-de-su-trabajo\/","title":{"rendered":"Le robaron su bicicleta cuando la dejo fuera de su trabajo"},"content":{"rendered":"<!-- VideographyWP Plugin Message: Automatic video embedding prevented by plugin options. -->\n\n<p>Este s\u00e1bado se realiz\u00f3 una denuncia en la comisar\u00eda de nuestra ciudad por parte de una ciudadana de 36 a\u00f1os, quien constata que autores ignorados sin violencia le sustraen su bicicleta rodado 26, que momentos antes dej\u00f3 estacionada sin candado frente su lugar de trabajo ubicado en calle\u00a0 Mitre al 2300.\u00a0<\/p>\n\n\n\n<p>Se investiga con intervenci\u00f3n de la justicia local<\/p>\n","protected":false},"excerpt":{"rendered":"<p>Este s\u00e1bado se realiz\u00f3 una denuncia en la comisar\u00eda de nuestra ciudad por parte de una ciudadana de 36 a\u00f1os, quien constata que autores ignorados sin violencia le sustraen su bicicleta rodado 26, que momentos antes dej\u00f3 estacionada sin candado frente su lugar de trabajo ubicado en calle\u00a0 Mitre al 2300.\u00a0 Se investiga con intervenci\u00f3n [&hellip;]<\/p>\n","protected":false},"author":4,"featured_media":85348,"comment_status":"open","ping_status":"closed","sticky":false,"template":"","format":"standard","meta":{"om_disable_all_campaigns":false,"_jetpack_memberships_contains_paid_content":false,"footnotes":""},"categories":[2,103],"tags":[],"class_list":["post-91422","post","type-post","status-publish","format-standard","has-post-thumbnail","hentry","category-locales","category-policiales-locales"],"aioseo_notices":[],"gutentor_comment":0,"jetpack_featured_media_url":"https:\/\/eldiariodesanpedro.com.ar\/sitio\/wp-content\/uploads\/2021\/01\/IMG-20210104-WA0057-1.jpg","jetpack_shortlink":"https:\/\/wp.me\/p6RhLt-nMy","jetpack_sharing_enabled":true,"_links":{"self":[{"href":"https:\/\/eldiariodesanpedro.com.ar\/sitio\/wp-json\/wp\/v2\/posts\/91422","targetHints":{"allow":["GET"]}}],"collection":[{"href":"https:\/\/eldiariodesanpedro.com.ar\/sitio\/wp-json\/wp\/v2\/posts"}],"about":[{"href":"https:\/\/eldiariodesanpedro.com.ar\/sitio\/wp-json\/wp\/v2\/types\/post"}],"author":[{"embeddable":true,"href":"https:\/\/eldiariodesanpedro.com.ar\/sitio\/wp-json\/wp\/v2\/users\/4"}],"replies":[{"embeddable":true,"href":"https:\/\/eldiariodesanpedro.com.ar\/sitio\/wp-json\/wp\/v2\/comments?post=91422"}],"version-history":[{"count":1,"href":"https:\/\/eldiariodesanpedro.com.ar\/sitio\/wp-json\/wp\/v2\/posts\/91422\/revisions"}],"predecessor-version":[{"id":91423,"href":"https:\/\/eldiariodesanpedro.com.ar\/sitio\/wp-json\/wp\/v2\/posts\/91422\/revisions\/91423"}],"wp:featuredmedia":[{"embeddable":true,"href":"https:\/\/eldiariodesanpedro.com.ar\/sitio\/wp-json\/wp\/v2\/media\/85348"}],"wp:attachment":[{"href":"https:\/\/eldiariodesanpedro.com.ar\/sitio\/wp-json\/wp\/v2\/media?parent=91422"}],"wp:term":[{"taxonomy":"category","embeddable":true,"href":"https:\/\/eldiariodesanpedro.com.ar\/sitio\/wp-json\/wp\/v2\/categories?post=91422"},{"taxonomy":"post_tag","embeddable":true,"href":"https:\/\/eldiariodesanpedro.com.ar\/sitio\/wp-json\/wp\/v2\/tags?post=91422"}],"curies":[{"name":"wp","href":"https:\/\/api.w.org\/{rel}","templated":true}]}}