{"id":91420,"date":"2021-04-25T19:13:40","date_gmt":"2021-04-25T22:13:40","guid":{"rendered":"https:\/\/eldiariodesanpedro.com.ar\/sitio\/?p=91420"},"modified":"2021-04-25T19:13:44","modified_gmt":"2021-04-25T22:13:44","slug":"denuncio-que-le-rompieron-un-vidrio-en-un-conflicto-vecinal-que-no-tiene-nada-que-ver","status":"publish","type":"post","link":"https:\/\/eldiariodesanpedro.com.ar\/sitio\/denuncio-que-le-rompieron-un-vidrio-en-un-conflicto-vecinal-que-no-tiene-nada-que-ver\/","title":{"rendered":"Denuncio que le rompieron un vidrio en un conflicto vecinal que no tiene nada que ver"},"content":{"rendered":"<!-- VideographyWP Plugin Message: Automatic video embedding prevented by plugin options. -->\n\n<p>En la jornada de ayer s\u00e1bado una ciudadana de 27 a\u00f1os de edad se hizo presente en la comisar\u00eda local para realizar una denuncia.<\/p>\n\n\n\n<p>Seg\u00fan declar\u00f3 sufri\u00f3 la ruptura de un cristal una ventana de su domicilio ubicado en Bozzano al 700 producto de un&nbsp; piedrazo por parte de vecinos identificados, quienes estos tendr\u00edan conflicto con otros aleda\u00f1os, de los cuales la denunciante es ajena a la cuesti\u00f3n.&nbsp;<\/p>\n\n\n\n<p>Se investiga con intervenci\u00f3n de la justicia local.<\/p>\n","protected":false},"excerpt":{"rendered":"<p>En la jornada de ayer s\u00e1bado una ciudadana de 27 a\u00f1os de edad se hizo presente en la comisar\u00eda local para realizar una denuncia. Seg\u00fan declar\u00f3 sufri\u00f3 la ruptura de un cristal una ventana de su domicilio ubicado en Bozzano al 700 producto de un&nbsp; piedrazo por parte de vecinos identificados, quienes estos tendr\u00edan conflicto [&hellip;]<\/p>\n","protected":false},"author":4,"featured_media":45394,"comment_status":"open","ping_status":"closed","sticky":false,"template":"","format":"standard","meta":{"om_disable_all_campaigns":false,"_jetpack_memberships_contains_paid_content":false,"footnotes":""},"categories":[2,103],"tags":[],"class_list":["post-91420","post","type-post","status-publish","format-standard","has-post-thumbnail","hentry","category-locales","category-policiales-locales"],"aioseo_notices":[],"gutentor_comment":0,"jetpack_featured_media_url":"https:\/\/eldiariodesanpedro.com.ar\/sitio\/wp-content\/uploads\/2019\/01\/comisaria.jpg","jetpack_shortlink":"https:\/\/wp.me\/p6RhLt-nMw","jetpack_sharing_enabled":true,"_links":{"self":[{"href":"https:\/\/eldiariodesanpedro.com.ar\/sitio\/wp-json\/wp\/v2\/posts\/91420","targetHints":{"allow":["GET"]}}],"collection":[{"href":"https:\/\/eldiariodesanpedro.com.ar\/sitio\/wp-json\/wp\/v2\/posts"}],"about":[{"href":"https:\/\/eldiariodesanpedro.com.ar\/sitio\/wp-json\/wp\/v2\/types\/post"}],"author":[{"embeddable":true,"href":"https:\/\/eldiariodesanpedro.com.ar\/sitio\/wp-json\/wp\/v2\/users\/4"}],"replies":[{"embeddable":true,"href":"https:\/\/eldiariodesanpedro.com.ar\/sitio\/wp-json\/wp\/v2\/comments?post=91420"}],"version-history":[{"count":1,"href":"https:\/\/eldiariodesanpedro.com.ar\/sitio\/wp-json\/wp\/v2\/posts\/91420\/revisions"}],"predecessor-version":[{"id":91421,"href":"https:\/\/eldiariodesanpedro.com.ar\/sitio\/wp-json\/wp\/v2\/posts\/91420\/revisions\/91421"}],"wp:featuredmedia":[{"embeddable":true,"href":"https:\/\/eldiariodesanpedro.com.ar\/sitio\/wp-json\/wp\/v2\/media\/45394"}],"wp:attachment":[{"href":"https:\/\/eldiariodesanpedro.com.ar\/sitio\/wp-json\/wp\/v2\/media?parent=91420"}],"wp:term":[{"taxonomy":"category","embeddable":true,"href":"https:\/\/eldiariodesanpedro.com.ar\/sitio\/wp-json\/wp\/v2\/categories?post=91420"},{"taxonomy":"post_tag","embeddable":true,"href":"https:\/\/eldiariodesanpedro.com.ar\/sitio\/wp-json\/wp\/v2\/tags?post=91420"}],"curies":[{"name":"wp","href":"https:\/\/api.w.org\/{rel}","templated":true}]}}