{"id":91418,"date":"2021-04-25T19:09:55","date_gmt":"2021-04-25T22:09:55","guid":{"rendered":"https:\/\/eldiariodesanpedro.com.ar\/sitio\/?p=91418"},"modified":"2021-04-25T19:10:00","modified_gmt":"2021-04-25T22:10:00","slug":"se-recupero-una-motocicleta-robada-en-la-ciudad-de-mercedes","status":"publish","type":"post","link":"https:\/\/eldiariodesanpedro.com.ar\/sitio\/se-recupero-una-motocicleta-robada-en-la-ciudad-de-mercedes\/","title":{"rendered":"Se recupero una motocicleta robada en la ciudad de Mercedes"},"content":{"rendered":"<!-- VideographyWP Plugin Message: Automatic video embedding prevented by plugin options. -->\n\n<p>La polic\u00eda se hace presente en Bvard Moreno esquina de Av. 11 de Septiembre donde se procedi\u00f3 al secuestro de una motocicleta 110 cc, que era tripulada por un ciudadano de 38 a\u00f1os de edad.&nbsp;<\/p>\n\n\n\n<p>Se estableci\u00f3 a trav\u00e9s de la red de inform\u00e1tica policial que el rodado registra pedido de secuestro por hurto a requerimiento de la justicia de mercedes.&nbsp;<\/p>\n\n\n\n<p>Respecto del tenedor se cumplieron recaudos legales e imputado del delito de encubrimiento por hecho de hurto, mientras que la moto permanece secuestrada en sede policial a disposici\u00f3n judicial .<\/p>\n","protected":false},"excerpt":{"rendered":"<p>La polic\u00eda se hace presente en Bvard Moreno esquina de Av. 11 de Septiembre donde se procedi\u00f3 al secuestro de una motocicleta 110 cc, que era tripulada por un ciudadano de 38 a\u00f1os de edad.&nbsp; Se estableci\u00f3 a trav\u00e9s de la red de inform\u00e1tica policial que el rodado registra pedido de secuestro por hurto a [&hellip;]<\/p>\n","protected":false},"author":4,"featured_media":78774,"comment_status":"open","ping_status":"closed","sticky":false,"template":"","format":"standard","meta":{"om_disable_all_campaigns":false,"_jetpack_memberships_contains_paid_content":false,"footnotes":""},"categories":[2,103],"tags":[],"class_list":["post-91418","post","type-post","status-publish","format-standard","has-post-thumbnail","hentry","category-locales","category-policiales-locales"],"aioseo_notices":[],"gutentor_comment":0,"jetpack_featured_media_url":"https:\/\/eldiariodesanpedro.com.ar\/sitio\/wp-content\/uploads\/2020\/08\/Policia-de-noche-2014-695x510-1.jpg","jetpack_shortlink":"https:\/\/wp.me\/p6RhLt-nMu","jetpack_sharing_enabled":true,"_links":{"self":[{"href":"https:\/\/eldiariodesanpedro.com.ar\/sitio\/wp-json\/wp\/v2\/posts\/91418","targetHints":{"allow":["GET"]}}],"collection":[{"href":"https:\/\/eldiariodesanpedro.com.ar\/sitio\/wp-json\/wp\/v2\/posts"}],"about":[{"href":"https:\/\/eldiariodesanpedro.com.ar\/sitio\/wp-json\/wp\/v2\/types\/post"}],"author":[{"embeddable":true,"href":"https:\/\/eldiariodesanpedro.com.ar\/sitio\/wp-json\/wp\/v2\/users\/4"}],"replies":[{"embeddable":true,"href":"https:\/\/eldiariodesanpedro.com.ar\/sitio\/wp-json\/wp\/v2\/comments?post=91418"}],"version-history":[{"count":1,"href":"https:\/\/eldiariodesanpedro.com.ar\/sitio\/wp-json\/wp\/v2\/posts\/91418\/revisions"}],"predecessor-version":[{"id":91419,"href":"https:\/\/eldiariodesanpedro.com.ar\/sitio\/wp-json\/wp\/v2\/posts\/91418\/revisions\/91419"}],"wp:featuredmedia":[{"embeddable":true,"href":"https:\/\/eldiariodesanpedro.com.ar\/sitio\/wp-json\/wp\/v2\/media\/78774"}],"wp:attachment":[{"href":"https:\/\/eldiariodesanpedro.com.ar\/sitio\/wp-json\/wp\/v2\/media?parent=91418"}],"wp:term":[{"taxonomy":"category","embeddable":true,"href":"https:\/\/eldiariodesanpedro.com.ar\/sitio\/wp-json\/wp\/v2\/categories?post=91418"},{"taxonomy":"post_tag","embeddable":true,"href":"https:\/\/eldiariodesanpedro.com.ar\/sitio\/wp-json\/wp\/v2\/tags?post=91418"}],"curies":[{"name":"wp","href":"https:\/\/api.w.org\/{rel}","templated":true}]}}