{"id":91416,"date":"2021-04-25T19:05:21","date_gmt":"2021-04-25T22:05:21","guid":{"rendered":"https:\/\/eldiariodesanpedro.com.ar\/sitio\/?p=91416"},"modified":"2021-04-25T19:05:25","modified_gmt":"2021-04-25T22:05:25","slug":"joven-que-agredio-a-su-madre-ataco-a-los-policias-y-fue-aprehendido","status":"publish","type":"post","link":"https:\/\/eldiariodesanpedro.com.ar\/sitio\/joven-que-agredio-a-su-madre-ataco-a-los-policias-y-fue-aprehendido\/","title":{"rendered":"Joven que agredi\u00f3 a su madre ataco a los polic\u00edas y fue aprehendido"},"content":{"rendered":"<!-- VideographyWP Plugin Message: Automatic video embedding prevented by plugin options. -->\n\n<p>Este s\u00e1bado un joven fue aprehendido en primer lugar por tratar de agredir a su madre y luego ante la presencia de efectivos se torno agresivo..<\/p>\n\n\n\n<p>El personal policial acude al conflicto familiar tras un llamado al 911 en calle Javier Rivero al 1900 donde aprehende a menor de 17 a\u00f1os de edad, quien se encontraba fuera de s\u00ed y hab\u00eda mantenido un conflicto con su madre una mujer de 45 a\u00f1os de edad.&nbsp;<\/p>\n\n\n\n<p>Ante la presencia del personal policial intent\u00f3 agredir a los uniformados demostrando resistencia por lo que fue reducido y trasladado a la comisar\u00eda local.<\/p>\n\n\n\n<p>Intervino la justicia juvenil de San Nicol\u00e1s<\/p>\n","protected":false},"excerpt":{"rendered":"<p>Este s\u00e1bado un joven fue aprehendido en primer lugar por tratar de agredir a su madre y luego ante la presencia de efectivos se torno agresivo.. El personal policial acude al conflicto familiar tras un llamado al 911 en calle Javier Rivero al 1900 donde aprehende a menor de 17 a\u00f1os de edad, quien se [&hellip;]<\/p>\n","protected":false},"author":4,"featured_media":70421,"comment_status":"open","ping_status":"closed","sticky":false,"template":"","format":"standard","meta":{"om_disable_all_campaigns":false,"_jetpack_memberships_contains_paid_content":false,"footnotes":""},"categories":[2,103],"tags":[],"class_list":["post-91416","post","type-post","status-publish","format-standard","has-post-thumbnail","hentry","category-locales","category-policiales-locales"],"aioseo_notices":[],"gutentor_comment":0,"jetpack_featured_media_url":"https:\/\/eldiariodesanpedro.com.ar\/sitio\/wp-content\/uploads\/2020\/03\/esposas-detenido-1.jpg","jetpack_shortlink":"https:\/\/wp.me\/p6RhLt-nMs","jetpack_sharing_enabled":true,"_links":{"self":[{"href":"https:\/\/eldiariodesanpedro.com.ar\/sitio\/wp-json\/wp\/v2\/posts\/91416","targetHints":{"allow":["GET"]}}],"collection":[{"href":"https:\/\/eldiariodesanpedro.com.ar\/sitio\/wp-json\/wp\/v2\/posts"}],"about":[{"href":"https:\/\/eldiariodesanpedro.com.ar\/sitio\/wp-json\/wp\/v2\/types\/post"}],"author":[{"embeddable":true,"href":"https:\/\/eldiariodesanpedro.com.ar\/sitio\/wp-json\/wp\/v2\/users\/4"}],"replies":[{"embeddable":true,"href":"https:\/\/eldiariodesanpedro.com.ar\/sitio\/wp-json\/wp\/v2\/comments?post=91416"}],"version-history":[{"count":1,"href":"https:\/\/eldiariodesanpedro.com.ar\/sitio\/wp-json\/wp\/v2\/posts\/91416\/revisions"}],"predecessor-version":[{"id":91417,"href":"https:\/\/eldiariodesanpedro.com.ar\/sitio\/wp-json\/wp\/v2\/posts\/91416\/revisions\/91417"}],"wp:featuredmedia":[{"embeddable":true,"href":"https:\/\/eldiariodesanpedro.com.ar\/sitio\/wp-json\/wp\/v2\/media\/70421"}],"wp:attachment":[{"href":"https:\/\/eldiariodesanpedro.com.ar\/sitio\/wp-json\/wp\/v2\/media?parent=91416"}],"wp:term":[{"taxonomy":"category","embeddable":true,"href":"https:\/\/eldiariodesanpedro.com.ar\/sitio\/wp-json\/wp\/v2\/categories?post=91416"},{"taxonomy":"post_tag","embeddable":true,"href":"https:\/\/eldiariodesanpedro.com.ar\/sitio\/wp-json\/wp\/v2\/tags?post=91416"}],"curies":[{"name":"wp","href":"https:\/\/api.w.org\/{rel}","templated":true}]}}