{"id":91412,"date":"2021-04-25T18:57:41","date_gmt":"2021-04-25T21:57:41","guid":{"rendered":"https:\/\/eldiariodesanpedro.com.ar\/sitio\/?p=91412"},"modified":"2021-04-25T18:57:46","modified_gmt":"2021-04-25T21:57:46","slug":"un-hombre-resulto-herido-de-punaladas-por-su-hijo-menor-de-edad","status":"publish","type":"post","link":"https:\/\/eldiariodesanpedro.com.ar\/sitio\/un-hombre-resulto-herido-de-punaladas-por-su-hijo-menor-de-edad\/","title":{"rendered":"Un hombre resulto herido de pu\u00f1aladas por su hijo menor de edad"},"content":{"rendered":"<!-- VideographyWP Plugin Message: Automatic video embedding prevented by plugin options. -->\n\n<p>El personal policial alertado por un llamado al 911 acude a Benefactora Sampedrina s\/n donde el morador un hombre de 38 a\u00f1os, presentaba herida de arma blanca dorso de t\u00f3rax, seg\u00fan los primeros testimonios indicaron que v\u00edctima momentos antes fue agredido por su propio hijo, un menor de 16 a\u00f1os de edad, con m\u00faltiples antecedentes delictivos, quien al arribo del personal policial ya se hab\u00eda dado a la fuga del lugar. las lesiones resultaron sin riesgo inmediato.&nbsp;Investiga la justicia juvenil de San Nicol\u00e1s.&nbsp;&nbsp;<\/p>\n","protected":false},"excerpt":{"rendered":"<p>El personal policial alertado por un llamado al 911 acude a Benefactora Sampedrina s\/n donde el morador un hombre de 38 a\u00f1os, presentaba herida de arma blanca dorso de t\u00f3rax, seg\u00fan los primeros testimonios indicaron que v\u00edctima momentos antes fue agredido por su propio hijo, un menor de 16 a\u00f1os de edad, con m\u00faltiples antecedentes [&hellip;]<\/p>\n","protected":false},"author":4,"featured_media":78843,"comment_status":"open","ping_status":"closed","sticky":false,"template":"","format":"standard","meta":{"om_disable_all_campaigns":false,"_jetpack_memberships_contains_paid_content":false,"footnotes":""},"categories":[2,103],"tags":[],"class_list":["post-91412","post","type-post","status-publish","format-standard","has-post-thumbnail","hentry","category-locales","category-policiales-locales"],"aioseo_notices":[],"gutentor_comment":0,"jetpack_featured_media_url":"https:\/\/eldiariodesanpedro.com.ar\/sitio\/wp-content\/uploads\/2020\/08\/0.jpg","jetpack_shortlink":"https:\/\/wp.me\/p6RhLt-nMo","jetpack_sharing_enabled":true,"_links":{"self":[{"href":"https:\/\/eldiariodesanpedro.com.ar\/sitio\/wp-json\/wp\/v2\/posts\/91412","targetHints":{"allow":["GET"]}}],"collection":[{"href":"https:\/\/eldiariodesanpedro.com.ar\/sitio\/wp-json\/wp\/v2\/posts"}],"about":[{"href":"https:\/\/eldiariodesanpedro.com.ar\/sitio\/wp-json\/wp\/v2\/types\/post"}],"author":[{"embeddable":true,"href":"https:\/\/eldiariodesanpedro.com.ar\/sitio\/wp-json\/wp\/v2\/users\/4"}],"replies":[{"embeddable":true,"href":"https:\/\/eldiariodesanpedro.com.ar\/sitio\/wp-json\/wp\/v2\/comments?post=91412"}],"version-history":[{"count":1,"href":"https:\/\/eldiariodesanpedro.com.ar\/sitio\/wp-json\/wp\/v2\/posts\/91412\/revisions"}],"predecessor-version":[{"id":91413,"href":"https:\/\/eldiariodesanpedro.com.ar\/sitio\/wp-json\/wp\/v2\/posts\/91412\/revisions\/91413"}],"wp:featuredmedia":[{"embeddable":true,"href":"https:\/\/eldiariodesanpedro.com.ar\/sitio\/wp-json\/wp\/v2\/media\/78843"}],"wp:attachment":[{"href":"https:\/\/eldiariodesanpedro.com.ar\/sitio\/wp-json\/wp\/v2\/media?parent=91412"}],"wp:term":[{"taxonomy":"category","embeddable":true,"href":"https:\/\/eldiariodesanpedro.com.ar\/sitio\/wp-json\/wp\/v2\/categories?post=91412"},{"taxonomy":"post_tag","embeddable":true,"href":"https:\/\/eldiariodesanpedro.com.ar\/sitio\/wp-json\/wp\/v2\/tags?post=91412"}],"curies":[{"name":"wp","href":"https:\/\/api.w.org\/{rel}","templated":true}]}}