{"id":91410,"date":"2021-04-25T18:54:46","date_gmt":"2021-04-25T21:54:46","guid":{"rendered":"https:\/\/eldiariodesanpedro.com.ar\/sitio\/?p=91410"},"modified":"2021-04-25T18:54:50","modified_gmt":"2021-04-25T21:54:50","slug":"un-joven-golpeo-a-su-pareja-y-quedo-aprehendido","status":"publish","type":"post","link":"https:\/\/eldiariodesanpedro.com.ar\/sitio\/un-joven-golpeo-a-su-pareja-y-quedo-aprehendido\/","title":{"rendered":"Un joven golpeo a su pareja y quedo aprehendido"},"content":{"rendered":"<!-- VideographyWP Plugin Message: Automatic video embedding prevented by plugin options. -->\n\n<p>Este s\u00e1bado la polic\u00eda de nuestra ciudad debi\u00f3 intervenir en un caso de violencia de g\u00e9nero donde se aprehendi\u00f3 a un hombre por agredir a su pareja.<\/p>\n\n\n\n<p>El personal policial en en ruta 1001 y Callej\u00f3n Parra, de R\u00edo Tala aprehendi\u00f3 a masculino 24 a\u00f1os, quien tras discusi\u00f3n agredi\u00f3 f\u00edsicamente a su pareja, una mujer de 23 a\u00f1os de edad, lesionandola.&nbsp;Intervino la justicia local.-<\/p>\n","protected":false},"excerpt":{"rendered":"<p>Este s\u00e1bado la polic\u00eda de nuestra ciudad debi\u00f3 intervenir en un caso de violencia de g\u00e9nero donde se aprehendi\u00f3 a un hombre por agredir a su pareja. El personal policial en en ruta 1001 y Callej\u00f3n Parra, de R\u00edo Tala aprehendi\u00f3 a masculino 24 a\u00f1os, quien tras discusi\u00f3n agredi\u00f3 f\u00edsicamente a su pareja, una mujer [&hellip;]<\/p>\n","protected":false},"author":4,"featured_media":66577,"comment_status":"open","ping_status":"closed","sticky":false,"template":"","format":"standard","meta":{"om_disable_all_campaigns":false,"_jetpack_memberships_contains_paid_content":false,"footnotes":""},"categories":[2,103],"tags":[],"class_list":["post-91410","post","type-post","status-publish","format-standard","has-post-thumbnail","hentry","category-locales","category-policiales-locales"],"aioseo_notices":[],"gutentor_comment":0,"jetpack_featured_media_url":"https:\/\/eldiariodesanpedro.com.ar\/sitio\/wp-content\/uploads\/2020\/01\/Poli-detenido-A.png","jetpack_shortlink":"https:\/\/wp.me\/p6RhLt-nMm","jetpack_sharing_enabled":true,"_links":{"self":[{"href":"https:\/\/eldiariodesanpedro.com.ar\/sitio\/wp-json\/wp\/v2\/posts\/91410","targetHints":{"allow":["GET"]}}],"collection":[{"href":"https:\/\/eldiariodesanpedro.com.ar\/sitio\/wp-json\/wp\/v2\/posts"}],"about":[{"href":"https:\/\/eldiariodesanpedro.com.ar\/sitio\/wp-json\/wp\/v2\/types\/post"}],"author":[{"embeddable":true,"href":"https:\/\/eldiariodesanpedro.com.ar\/sitio\/wp-json\/wp\/v2\/users\/4"}],"replies":[{"embeddable":true,"href":"https:\/\/eldiariodesanpedro.com.ar\/sitio\/wp-json\/wp\/v2\/comments?post=91410"}],"version-history":[{"count":1,"href":"https:\/\/eldiariodesanpedro.com.ar\/sitio\/wp-json\/wp\/v2\/posts\/91410\/revisions"}],"predecessor-version":[{"id":91411,"href":"https:\/\/eldiariodesanpedro.com.ar\/sitio\/wp-json\/wp\/v2\/posts\/91410\/revisions\/91411"}],"wp:featuredmedia":[{"embeddable":true,"href":"https:\/\/eldiariodesanpedro.com.ar\/sitio\/wp-json\/wp\/v2\/media\/66577"}],"wp:attachment":[{"href":"https:\/\/eldiariodesanpedro.com.ar\/sitio\/wp-json\/wp\/v2\/media?parent=91410"}],"wp:term":[{"taxonomy":"category","embeddable":true,"href":"https:\/\/eldiariodesanpedro.com.ar\/sitio\/wp-json\/wp\/v2\/categories?post=91410"},{"taxonomy":"post_tag","embeddable":true,"href":"https:\/\/eldiariodesanpedro.com.ar\/sitio\/wp-json\/wp\/v2\/tags?post=91410"}],"curies":[{"name":"wp","href":"https:\/\/api.w.org\/{rel}","templated":true}]}}