{"id":91408,"date":"2021-04-25T18:36:00","date_gmt":"2021-04-25T21:36:00","guid":{"rendered":"https:\/\/eldiariodesanpedro.com.ar\/sitio\/?p=91408"},"modified":"2021-04-25T18:36:05","modified_gmt":"2021-04-25T21:36:05","slug":"colision-entre-una-moto-y-un-automovil-el-pasado-viernes","status":"publish","type":"post","link":"https:\/\/eldiariodesanpedro.com.ar\/sitio\/colision-entre-una-moto-y-un-automovil-el-pasado-viernes\/","title":{"rendered":"Colisi\u00f3n entre una moto y un autom\u00f3vil el pasado viernes"},"content":{"rendered":"<!-- VideographyWP Plugin Message: Automatic video embedding prevented by plugin options. -->\n\n<p>El pasado viernes en horas de la tarde noche ocurri\u00f3 un accidente de tr\u00e1nsito grave en una esquina muy transitada de la ciudad donde dos j\u00f3venes resultaron con lesiones leves.<\/p>\n\n\n\n<p>El siniestro ocurri\u00f3 el viernes alrededor de las 18:30 hs, en calle Pellegrini y Juan B.Justo, por motivos que se tratan de establecer colision\u00f3 una motocicleta 110 cc conducido por menor de 16 a\u00f1os acompa\u00f1ado por otro de&nbsp; 17 a\u00f1os, contra una camioneta de transporte de gas conducida por ciudadano 28 a\u00f1os.<\/p>\n\n\n\n<p>Como consecuencia los ocupantes del rodado menor resultaron lesionados, ambos con traumatismos leves siendo trasladados por el Same al nosocomio local.<\/p>\n\n\n\n<p>Respecto de la motocicleta, fue incautada por el personal de inspecci\u00f3n, quedando a disposici\u00f3n del Juzgado de Faltas Municipal, en virtud de no contar con licencia de conducir su conductor y carecer de documentaci\u00f3n reglamentaria, como sin poseer cascos de seguridad colocados.&nbsp;La Polic\u00eda Cient\u00edfica realiz\u00f3 pericias correspondientes e intervino la justicia de menores de San Nicol\u00e1s.<\/p>\n","protected":false},"excerpt":{"rendered":"<p>El pasado viernes en horas de la tarde noche ocurri\u00f3 un accidente de tr\u00e1nsito grave en una esquina muy transitada de la ciudad donde dos j\u00f3venes resultaron con lesiones leves. El siniestro ocurri\u00f3 el viernes alrededor de las 18:30 hs, en calle Pellegrini y Juan B.Justo, por motivos que se tratan de establecer colision\u00f3 una [&hellip;]<\/p>\n","protected":false},"author":4,"featured_media":67691,"comment_status":"open","ping_status":"closed","sticky":false,"template":"","format":"standard","meta":{"om_disable_all_campaigns":false,"_jetpack_memberships_contains_paid_content":false,"footnotes":""},"categories":[2,103],"tags":[],"class_list":["post-91408","post","type-post","status-publish","format-standard","has-post-thumbnail","hentry","category-locales","category-policiales-locales"],"aioseo_notices":[],"gutentor_comment":0,"jetpack_featured_media_url":"https:\/\/eldiariodesanpedro.com.ar\/sitio\/wp-content\/uploads\/2020\/01\/same-la-plata.jpg","jetpack_shortlink":"https:\/\/wp.me\/p6RhLt-nMk","jetpack_sharing_enabled":true,"_links":{"self":[{"href":"https:\/\/eldiariodesanpedro.com.ar\/sitio\/wp-json\/wp\/v2\/posts\/91408","targetHints":{"allow":["GET"]}}],"collection":[{"href":"https:\/\/eldiariodesanpedro.com.ar\/sitio\/wp-json\/wp\/v2\/posts"}],"about":[{"href":"https:\/\/eldiariodesanpedro.com.ar\/sitio\/wp-json\/wp\/v2\/types\/post"}],"author":[{"embeddable":true,"href":"https:\/\/eldiariodesanpedro.com.ar\/sitio\/wp-json\/wp\/v2\/users\/4"}],"replies":[{"embeddable":true,"href":"https:\/\/eldiariodesanpedro.com.ar\/sitio\/wp-json\/wp\/v2\/comments?post=91408"}],"version-history":[{"count":1,"href":"https:\/\/eldiariodesanpedro.com.ar\/sitio\/wp-json\/wp\/v2\/posts\/91408\/revisions"}],"predecessor-version":[{"id":91409,"href":"https:\/\/eldiariodesanpedro.com.ar\/sitio\/wp-json\/wp\/v2\/posts\/91408\/revisions\/91409"}],"wp:featuredmedia":[{"embeddable":true,"href":"https:\/\/eldiariodesanpedro.com.ar\/sitio\/wp-json\/wp\/v2\/media\/67691"}],"wp:attachment":[{"href":"https:\/\/eldiariodesanpedro.com.ar\/sitio\/wp-json\/wp\/v2\/media?parent=91408"}],"wp:term":[{"taxonomy":"category","embeddable":true,"href":"https:\/\/eldiariodesanpedro.com.ar\/sitio\/wp-json\/wp\/v2\/categories?post=91408"},{"taxonomy":"post_tag","embeddable":true,"href":"https:\/\/eldiariodesanpedro.com.ar\/sitio\/wp-json\/wp\/v2\/tags?post=91408"}],"curies":[{"name":"wp","href":"https:\/\/api.w.org\/{rel}","templated":true}]}}