{"id":91402,"date":"2021-04-25T18:21:38","date_gmt":"2021-04-25T21:21:38","guid":{"rendered":"https:\/\/eldiariodesanpedro.com.ar\/sitio\/?p=91402"},"modified":"2021-04-25T18:21:42","modified_gmt":"2021-04-25T21:21:42","slug":"varios-aprehendidos-el-fin-de-semana-con-tenencia-de-armas-blancas","status":"publish","type":"post","link":"https:\/\/eldiariodesanpedro.com.ar\/sitio\/varios-aprehendidos-el-fin-de-semana-con-tenencia-de-armas-blancas\/","title":{"rendered":"Varios aprehendidos el fin de semana con tenencia de armas blancas"},"content":{"rendered":"<!-- VideographyWP Plugin Message: Automatic video embedding prevented by plugin options. -->\n\n<p>En distintos procedimientos de rutina, personal policial aprehendi\u00f3 en las \u00faltimas horas a tres masculinos mayores de edad, a quienes se le secuestr\u00f3 en su poder armas blancas tipo cuchillo y caseras. <\/p>\n\n\n\n<p>Se labraron actuaciones por infracci\u00f3n al c\u00f3digo de faltas ley 8031 con intervenci\u00f3n del juzgado de paz local.\u00a0\u00a0\u00a0<\/p>\n","protected":false},"excerpt":{"rendered":"<p>En distintos procedimientos de rutina, personal policial aprehendi\u00f3 en las \u00faltimas horas a tres masculinos mayores de edad, a quienes se le secuestr\u00f3 en su poder armas blancas tipo cuchillo y caseras. Se labraron actuaciones por infracci\u00f3n al c\u00f3digo de faltas ley 8031 con intervenci\u00f3n del juzgado de paz local.\u00a0\u00a0\u00a0<\/p>\n","protected":false},"author":4,"featured_media":77561,"comment_status":"open","ping_status":"closed","sticky":false,"template":"","format":"standard","meta":{"om_disable_all_campaigns":false,"_jetpack_memberships_contains_paid_content":false,"footnotes":""},"categories":[2,103],"tags":[],"class_list":["post-91402","post","type-post","status-publish","format-standard","has-post-thumbnail","hentry","category-locales","category-policiales-locales"],"aioseo_notices":[],"gutentor_comment":0,"jetpack_featured_media_url":"https:\/\/eldiariodesanpedro.com.ar\/sitio\/wp-content\/uploads\/2020\/07\/20200709072134.jpg","jetpack_shortlink":"https:\/\/wp.me\/p6RhLt-nMe","jetpack_sharing_enabled":true,"_links":{"self":[{"href":"https:\/\/eldiariodesanpedro.com.ar\/sitio\/wp-json\/wp\/v2\/posts\/91402","targetHints":{"allow":["GET"]}}],"collection":[{"href":"https:\/\/eldiariodesanpedro.com.ar\/sitio\/wp-json\/wp\/v2\/posts"}],"about":[{"href":"https:\/\/eldiariodesanpedro.com.ar\/sitio\/wp-json\/wp\/v2\/types\/post"}],"author":[{"embeddable":true,"href":"https:\/\/eldiariodesanpedro.com.ar\/sitio\/wp-json\/wp\/v2\/users\/4"}],"replies":[{"embeddable":true,"href":"https:\/\/eldiariodesanpedro.com.ar\/sitio\/wp-json\/wp\/v2\/comments?post=91402"}],"version-history":[{"count":1,"href":"https:\/\/eldiariodesanpedro.com.ar\/sitio\/wp-json\/wp\/v2\/posts\/91402\/revisions"}],"predecessor-version":[{"id":91403,"href":"https:\/\/eldiariodesanpedro.com.ar\/sitio\/wp-json\/wp\/v2\/posts\/91402\/revisions\/91403"}],"wp:featuredmedia":[{"embeddable":true,"href":"https:\/\/eldiariodesanpedro.com.ar\/sitio\/wp-json\/wp\/v2\/media\/77561"}],"wp:attachment":[{"href":"https:\/\/eldiariodesanpedro.com.ar\/sitio\/wp-json\/wp\/v2\/media?parent=91402"}],"wp:term":[{"taxonomy":"category","embeddable":true,"href":"https:\/\/eldiariodesanpedro.com.ar\/sitio\/wp-json\/wp\/v2\/categories?post=91402"},{"taxonomy":"post_tag","embeddable":true,"href":"https:\/\/eldiariodesanpedro.com.ar\/sitio\/wp-json\/wp\/v2\/tags?post=91402"}],"curies":[{"name":"wp","href":"https:\/\/api.w.org\/{rel}","templated":true}]}}