{"id":91400,"date":"2021-04-25T18:16:23","date_gmt":"2021-04-25T21:16:23","guid":{"rendered":"https:\/\/eldiariodesanpedro.com.ar\/sitio\/?p=91400"},"modified":"2021-04-25T18:16:28","modified_gmt":"2021-04-25T21:16:28","slug":"roban-mercaderia-de-dentro-de-un-vehiculo-estacionado-en-la-via-publica","status":"publish","type":"post","link":"https:\/\/eldiariodesanpedro.com.ar\/sitio\/roban-mercaderia-de-dentro-de-un-vehiculo-estacionado-en-la-via-publica\/","title":{"rendered":"Roban mercader\u00eda de dentro de un veh\u00edculo estacionado en la v\u00eda publica"},"content":{"rendered":"<!-- VideographyWP Plugin Message: Automatic video embedding prevented by plugin options. -->\n\n<p>El pasado s\u00e1bado se recibi\u00f3 una denuncia por parte de una mujer de nuestra ciudad por el robo de un elemento dentro de su veh\u00edculo.<\/p>\n\n\n\n<p>El d\u00eda de ayer se recibi\u00f3 una denuncia en la comisar\u00eda local por parte de una ciudadana de 40 a\u00f1os de edad quien manifest\u00f3 que en horas de la madrugada del mismo d\u00eda autores ignorados tras da\u00f1ar la puerta trasera de su veh\u00edculo tipo furg\u00f3n que se encontraba estacionado en su vereda frente a su vivienda ubicada en calle Rossello al 50 sustraen bolsas de consorcios y bolsas camisetas como as\u00ed tambi\u00e9n mercader\u00eda destina para la venta en su comercio tipo despensa.<\/p>\n\n\n\n<p>La polic\u00eda de nuestra ciudad realiza las investigaciones necesarias.<\/p>\n","protected":false},"excerpt":{"rendered":"<p>El pasado s\u00e1bado se recibi\u00f3 una denuncia por parte de una mujer de nuestra ciudad por el robo de un elemento dentro de su veh\u00edculo. El d\u00eda de ayer se recibi\u00f3 una denuncia en la comisar\u00eda local por parte de una ciudadana de 40 a\u00f1os de edad quien manifest\u00f3 que en horas de la madrugada [&hellip;]<\/p>\n","protected":false},"author":4,"featured_media":77910,"comment_status":"open","ping_status":"closed","sticky":false,"template":"","format":"standard","meta":{"om_disable_all_campaigns":false,"_jetpack_memberships_contains_paid_content":false,"footnotes":""},"categories":[2,103],"tags":[],"class_list":["post-91400","post","type-post","status-publish","format-standard","has-post-thumbnail","hentry","category-locales","category-policiales-locales"],"aioseo_notices":[],"gutentor_comment":0,"jetpack_featured_media_url":"https:\/\/eldiariodesanpedro.com.ar\/sitio\/wp-content\/uploads\/2020\/07\/no_ssowqejple3k931nop1c56465t83uu31kc3o1tm219bh1_1_.jpg","jetpack_shortlink":"https:\/\/wp.me\/p6RhLt-nMc","jetpack_sharing_enabled":true,"_links":{"self":[{"href":"https:\/\/eldiariodesanpedro.com.ar\/sitio\/wp-json\/wp\/v2\/posts\/91400","targetHints":{"allow":["GET"]}}],"collection":[{"href":"https:\/\/eldiariodesanpedro.com.ar\/sitio\/wp-json\/wp\/v2\/posts"}],"about":[{"href":"https:\/\/eldiariodesanpedro.com.ar\/sitio\/wp-json\/wp\/v2\/types\/post"}],"author":[{"embeddable":true,"href":"https:\/\/eldiariodesanpedro.com.ar\/sitio\/wp-json\/wp\/v2\/users\/4"}],"replies":[{"embeddable":true,"href":"https:\/\/eldiariodesanpedro.com.ar\/sitio\/wp-json\/wp\/v2\/comments?post=91400"}],"version-history":[{"count":1,"href":"https:\/\/eldiariodesanpedro.com.ar\/sitio\/wp-json\/wp\/v2\/posts\/91400\/revisions"}],"predecessor-version":[{"id":91401,"href":"https:\/\/eldiariodesanpedro.com.ar\/sitio\/wp-json\/wp\/v2\/posts\/91400\/revisions\/91401"}],"wp:featuredmedia":[{"embeddable":true,"href":"https:\/\/eldiariodesanpedro.com.ar\/sitio\/wp-json\/wp\/v2\/media\/77910"}],"wp:attachment":[{"href":"https:\/\/eldiariodesanpedro.com.ar\/sitio\/wp-json\/wp\/v2\/media?parent=91400"}],"wp:term":[{"taxonomy":"category","embeddable":true,"href":"https:\/\/eldiariodesanpedro.com.ar\/sitio\/wp-json\/wp\/v2\/categories?post=91400"},{"taxonomy":"post_tag","embeddable":true,"href":"https:\/\/eldiariodesanpedro.com.ar\/sitio\/wp-json\/wp\/v2\/tags?post=91400"}],"curies":[{"name":"wp","href":"https:\/\/api.w.org\/{rel}","templated":true}]}}