{"id":91398,"date":"2021-04-25T18:05:37","date_gmt":"2021-04-25T21:05:37","guid":{"rendered":"https:\/\/eldiariodesanpedro.com.ar\/sitio\/?p=91398"},"modified":"2021-04-25T18:05:43","modified_gmt":"2021-04-25T21:05:43","slug":"durante-el-fin-de-semana-10-aprehendidos-por-tenencia-de-estupefacientes","status":"publish","type":"post","link":"https:\/\/eldiariodesanpedro.com.ar\/sitio\/durante-el-fin-de-semana-10-aprehendidos-por-tenencia-de-estupefacientes\/","title":{"rendered":"Durante el fin de semana 10 aprehendidos por tenencia de estupefacientes"},"content":{"rendered":"<!-- VideographyWP Plugin Message: Automatic video embedding prevented by plugin options. -->\n\n<p>Durante la jornada de viernes y s\u00e1bado el personal policial de la comisar\u00eda de nuestra ciudad, realiz\u00f3 diez procedimientos similares en distintos horarios y lugares de la ciudad, en los cuales se traslado a sede policial a 11 masculinos (10 mayores y un menor) a quienes se les secuestr\u00f3 en su poder sustancia marihuana \u00ednfimo pesaje.\u00a0<\/p>\n\n\n\n<p>Se iniciaron actuaciones judiciales por el delito en menci\u00f3n, con intervenci\u00f3n de la justicia local<\/p>\n","protected":false},"excerpt":{"rendered":"<p>Durante la jornada de viernes y s\u00e1bado el personal policial de la comisar\u00eda de nuestra ciudad, realiz\u00f3 diez procedimientos similares en distintos horarios y lugares de la ciudad, en los cuales se traslado a sede policial a 11 masculinos (10 mayores y un menor) a quienes se les secuestr\u00f3 en su poder sustancia marihuana \u00ednfimo [&hellip;]<\/p>\n","protected":false},"author":4,"featured_media":67079,"comment_status":"open","ping_status":"closed","sticky":false,"template":"","format":"standard","meta":{"om_disable_all_campaigns":false,"_jetpack_memberships_contains_paid_content":false,"footnotes":""},"categories":[2,103],"tags":[],"class_list":["post-91398","post","type-post","status-publish","format-standard","has-post-thumbnail","hentry","category-locales","category-policiales-locales"],"aioseo_notices":[],"gutentor_comment":0,"jetpack_featured_media_url":"https:\/\/eldiariodesanpedro.com.ar\/sitio\/wp-content\/uploads\/2020\/01\/menor-detenido3.jpg","jetpack_shortlink":"https:\/\/wp.me\/p6RhLt-nMa","jetpack_sharing_enabled":true,"_links":{"self":[{"href":"https:\/\/eldiariodesanpedro.com.ar\/sitio\/wp-json\/wp\/v2\/posts\/91398","targetHints":{"allow":["GET"]}}],"collection":[{"href":"https:\/\/eldiariodesanpedro.com.ar\/sitio\/wp-json\/wp\/v2\/posts"}],"about":[{"href":"https:\/\/eldiariodesanpedro.com.ar\/sitio\/wp-json\/wp\/v2\/types\/post"}],"author":[{"embeddable":true,"href":"https:\/\/eldiariodesanpedro.com.ar\/sitio\/wp-json\/wp\/v2\/users\/4"}],"replies":[{"embeddable":true,"href":"https:\/\/eldiariodesanpedro.com.ar\/sitio\/wp-json\/wp\/v2\/comments?post=91398"}],"version-history":[{"count":1,"href":"https:\/\/eldiariodesanpedro.com.ar\/sitio\/wp-json\/wp\/v2\/posts\/91398\/revisions"}],"predecessor-version":[{"id":91399,"href":"https:\/\/eldiariodesanpedro.com.ar\/sitio\/wp-json\/wp\/v2\/posts\/91398\/revisions\/91399"}],"wp:featuredmedia":[{"embeddable":true,"href":"https:\/\/eldiariodesanpedro.com.ar\/sitio\/wp-json\/wp\/v2\/media\/67079"}],"wp:attachment":[{"href":"https:\/\/eldiariodesanpedro.com.ar\/sitio\/wp-json\/wp\/v2\/media?parent=91398"}],"wp:term":[{"taxonomy":"category","embeddable":true,"href":"https:\/\/eldiariodesanpedro.com.ar\/sitio\/wp-json\/wp\/v2\/categories?post=91398"},{"taxonomy":"post_tag","embeddable":true,"href":"https:\/\/eldiariodesanpedro.com.ar\/sitio\/wp-json\/wp\/v2\/tags?post=91398"}],"curies":[{"name":"wp","href":"https:\/\/api.w.org\/{rel}","templated":true}]}}