{"id":91384,"date":"2021-04-24T13:17:25","date_gmt":"2021-04-24T16:17:25","guid":{"rendered":"https:\/\/eldiariodesanpedro.com.ar\/sitio\/?p=91384"},"modified":"2021-04-24T13:17:29","modified_gmt":"2021-04-24T16:17:29","slug":"consorcio-de-gestion-del-puerto-de-san-pedro-expresa-su-consternacion-por-la-muerte-de-mario-meoni","status":"publish","type":"post","link":"https:\/\/eldiariodesanpedro.com.ar\/sitio\/consorcio-de-gestion-del-puerto-de-san-pedro-expresa-su-consternacion-por-la-muerte-de-mario-meoni\/","title":{"rendered":"Consorcio de Gesti\u00f3n del Puerto de San Pedro expresa su consternaci\u00f3n por la muerte de Mario Meoni"},"content":{"rendered":"<!-- VideographyWP Plugin Message: Automatic video embedding prevented by plugin options. -->\n\n<p>El Consorcio de Gesti\u00f3n del Puerto de San Pedro expresa su consternaci\u00f3n ante el fallecimiento en un fatal accidente del Sr. Ministro de Transporte Mario Meoni. <\/p>\n\n\n\n<p>Ante esta dolorosa circunstancia estamos cerca de todos sus seres queridos, su familia y sus colaboradores. Nos quedar\u00e1 para siempre la satisfacci\u00f3n de haber encontrado en \u00e9l, el apoyo para poder seguir trabajando en el Puerto que todos deseamos y as\u00ed lo haremos en su memoria.<\/p>\n\n\n\n<p><strong>Eliseo Almada<br>Presidente del Consorcio de Gesti\u00f3n Puerto de San Pedro<\/strong><\/p>\n","protected":false},"excerpt":{"rendered":"<p>El Consorcio de Gesti\u00f3n del Puerto de San Pedro expresa su consternaci\u00f3n ante el fallecimiento en un fatal accidente del Sr. Ministro de Transporte Mario Meoni. Ante esta dolorosa circunstancia estamos cerca de todos sus seres queridos, su familia y sus colaboradores. Nos quedar\u00e1 para siempre la satisfacci\u00f3n de haber encontrado en \u00e9l, el apoyo [&hellip;]<\/p>\n","protected":false},"author":4,"featured_media":91390,"comment_status":"open","ping_status":"closed","sticky":false,"template":"","format":"standard","meta":{"om_disable_all_campaigns":false,"_jetpack_memberships_contains_paid_content":false,"footnotes":""},"categories":[101,2],"tags":[],"class_list":["post-91384","post","type-post","status-publish","format-standard","has-post-thumbnail","hentry","category-interes-general-locales","category-locales"],"aioseo_notices":[],"gutentor_comment":0,"jetpack_featured_media_url":"https:\/\/eldiariodesanpedro.com.ar\/sitio\/wp-content\/uploads\/2021\/04\/image-36.png","jetpack_shortlink":"https:\/\/wp.me\/p6RhLt-nLW","jetpack_sharing_enabled":true,"_links":{"self":[{"href":"https:\/\/eldiariodesanpedro.com.ar\/sitio\/wp-json\/wp\/v2\/posts\/91384","targetHints":{"allow":["GET"]}}],"collection":[{"href":"https:\/\/eldiariodesanpedro.com.ar\/sitio\/wp-json\/wp\/v2\/posts"}],"about":[{"href":"https:\/\/eldiariodesanpedro.com.ar\/sitio\/wp-json\/wp\/v2\/types\/post"}],"author":[{"embeddable":true,"href":"https:\/\/eldiariodesanpedro.com.ar\/sitio\/wp-json\/wp\/v2\/users\/4"}],"replies":[{"embeddable":true,"href":"https:\/\/eldiariodesanpedro.com.ar\/sitio\/wp-json\/wp\/v2\/comments?post=91384"}],"version-history":[{"count":1,"href":"https:\/\/eldiariodesanpedro.com.ar\/sitio\/wp-json\/wp\/v2\/posts\/91384\/revisions"}],"predecessor-version":[{"id":91391,"href":"https:\/\/eldiariodesanpedro.com.ar\/sitio\/wp-json\/wp\/v2\/posts\/91384\/revisions\/91391"}],"wp:featuredmedia":[{"embeddable":true,"href":"https:\/\/eldiariodesanpedro.com.ar\/sitio\/wp-json\/wp\/v2\/media\/91390"}],"wp:attachment":[{"href":"https:\/\/eldiariodesanpedro.com.ar\/sitio\/wp-json\/wp\/v2\/media?parent=91384"}],"wp:term":[{"taxonomy":"category","embeddable":true,"href":"https:\/\/eldiariodesanpedro.com.ar\/sitio\/wp-json\/wp\/v2\/categories?post=91384"},{"taxonomy":"post_tag","embeddable":true,"href":"https:\/\/eldiariodesanpedro.com.ar\/sitio\/wp-json\/wp\/v2\/tags?post=91384"}],"curies":[{"name":"wp","href":"https:\/\/api.w.org\/{rel}","templated":true}]}}