{"id":91380,"date":"2021-04-24T13:07:29","date_gmt":"2021-04-24T16:07:29","guid":{"rendered":"https:\/\/eldiariodesanpedro.com.ar\/sitio\/?p=91380"},"modified":"2021-04-24T13:18:39","modified_gmt":"2021-04-24T16:18:39","slug":"partido-socialista-fernando-nouet-fue-elegido-como-secretario-general-de-la-segunda-seccion-electoral-y-en-san-pedro-liderara-omar-pucurull","status":"publish","type":"post","link":"https:\/\/eldiariodesanpedro.com.ar\/sitio\/partido-socialista-fernando-nouet-fue-elegido-como-secretario-general-de-la-segunda-seccion-electoral-y-en-san-pedro-liderara-omar-pucurull\/","title":{"rendered":"Partido Socialista: Fernando Nouet fue elegido como secretario general de la segunda secci\u00f3n electoral y en San Pedro liderar\u00e1 Omar Pucurull"},"content":{"rendered":"<!-- VideographyWP Plugin Message: Automatic video embedding prevented by plugin options. -->\n\n<p>El pasado domingo 18 el Partido Siocialista realiz\u00f3 las elecciones internas a nivel nacional, provincial y seccional, y San Pedro no fue la excepci\u00f3n.<\/p>\n\n\n\n<p>Quedando conformado en todo el pais de la siguiente manera:&nbsp;<\/p>\n\n\n\n<ul class=\"wp-block-list\"><li>Presidente del Partido Socialista Argentino: M\u00f3nica Fein, ex intendente de Rosario, constituy\u00e9ndose as\u00ed en la primera mujer en ocupar dicho cargo en Argentina.<\/li><li>-Secretaria de Juventud Socialista Argentina: Gisel Mahmud.<\/li><li>Secretario General Provincia de Buenos Aires: Emiliano Fern\u00e1ndez.<\/li><li>-Secretario General de la Segunda secci\u00f3n electoral: Fernando Nouet.<\/li><li>-Secretario General San Pedro: Omar Pucurull<\/li><\/ul>\n\n\n\n<p>Desde el partido pol\u00edtico aseguraron que contin\u00faan renovando el compromiso de construir un espacio que sea una alternativa socialdem\u00f3crata, progresista, inclusiva, convocando al di\u00e1logo y a la unidad nacional.<\/p>\n\n\n\n<figure class=\"wp-block-image size-large\"><img decoding=\"async\" width=\"1024\" height=\"680\" data-attachment-id=\"91389\" data-permalink=\"https:\/\/eldiariodesanpedro.com.ar\/sitio\/consorcio-de-gestion-del-puerto-de-san-pedro-expresa-su-consternacion-por-la-muerte-de-mario-meoni\/whatsapp-image-2021-04-23-at-10-02-35\/\" data-orig-file=\"https:\/\/eldiariodesanpedro.com.ar\/sitio\/wp-content\/uploads\/2021\/04\/WhatsApp-Image-2021-04-23-at-10.02.35.jpeg\" data-orig-size=\"1072,712\" data-comments-opened=\"1\" data-image-meta=\"{&quot;aperture&quot;:&quot;0&quot;,&quot;credit&quot;:&quot;&quot;,&quot;camera&quot;:&quot;&quot;,&quot;caption&quot;:&quot;&quot;,&quot;created_timestamp&quot;:&quot;0&quot;,&quot;copyright&quot;:&quot;&quot;,&quot;focal_length&quot;:&quot;0&quot;,&quot;iso&quot;:&quot;0&quot;,&quot;shutter_speed&quot;:&quot;0&quot;,&quot;title&quot;:&quot;&quot;,&quot;orientation&quot;:&quot;0&quot;}\" data-image-title=\"WhatsApp Image 2021-04-23 at 10.02.35\" data-image-description=\"\" data-image-caption=\"\" data-large-file=\"https:\/\/eldiariodesanpedro.com.ar\/sitio\/wp-content\/uploads\/2021\/04\/WhatsApp-Image-2021-04-23-at-10.02.35-1024x680.jpeg\" data-src=\"https:\/\/eldiariodesanpedro.com.ar\/sitio\/wp-content\/uploads\/2021\/04\/WhatsApp-Image-2021-04-23-at-10.02.35-1024x680.jpeg\" alt=\"\" class=\"wp-image-91389 lazyload\" data-srcset=\"https:\/\/eldiariodesanpedro.com.ar\/sitio\/wp-content\/uploads\/2021\/04\/WhatsApp-Image-2021-04-23-at-10.02.35-1024x680.jpeg 1024w, https:\/\/eldiariodesanpedro.com.ar\/sitio\/wp-content\/uploads\/2021\/04\/WhatsApp-Image-2021-04-23-at-10.02.35-300x199.jpeg 300w, https:\/\/eldiariodesanpedro.com.ar\/sitio\/wp-content\/uploads\/2021\/04\/WhatsApp-Image-2021-04-23-at-10.02.35-768x510.jpeg 768w, https:\/\/eldiariodesanpedro.com.ar\/sitio\/wp-content\/uploads\/2021\/04\/WhatsApp-Image-2021-04-23-at-10.02.35.jpeg 1072w\" data-sizes=\"(max-width: 1024px) 100vw, 1024px\" src=\"data:image\/svg+xml;base64,PHN2ZyB3aWR0aD0iMSIgaGVpZ2h0PSIxIiB4bWxucz0iaHR0cDovL3d3dy53My5vcmcvMjAwMC9zdmciPjwvc3ZnPg==\" style=\"--smush-placeholder-width: 1024px; --smush-placeholder-aspect-ratio: 1024\/680;\" \/><\/figure>\n\n\n\n<figure class=\"wp-block-image size-large is-resized\"><img decoding=\"async\" data-attachment-id=\"91388\" data-permalink=\"https:\/\/eldiariodesanpedro.com.ar\/sitio\/consorcio-de-gestion-del-puerto-de-san-pedro-expresa-su-consternacion-por-la-muerte-de-mario-meoni\/whatsapp-image-2021-04-23-at-10-02-35-2\/\" data-orig-file=\"https:\/\/eldiariodesanpedro.com.ar\/sitio\/wp-content\/uploads\/2021\/04\/WhatsApp-Image-2021-04-23-at-10.02.35-2.jpeg\" data-orig-size=\"223,226\" data-comments-opened=\"1\" data-image-meta=\"{&quot;aperture&quot;:&quot;0&quot;,&quot;credit&quot;:&quot;&quot;,&quot;camera&quot;:&quot;&quot;,&quot;caption&quot;:&quot;&quot;,&quot;created_timestamp&quot;:&quot;0&quot;,&quot;copyright&quot;:&quot;&quot;,&quot;focal_length&quot;:&quot;0&quot;,&quot;iso&quot;:&quot;0&quot;,&quot;shutter_speed&quot;:&quot;0&quot;,&quot;title&quot;:&quot;&quot;,&quot;orientation&quot;:&quot;0&quot;}\" data-image-title=\"WhatsApp Image 2021-04-23 at 10.02.35 (2)\" data-image-description=\"\" data-image-caption=\"\" data-large-file=\"https:\/\/eldiariodesanpedro.com.ar\/sitio\/wp-content\/uploads\/2021\/04\/WhatsApp-Image-2021-04-23-at-10.02.35-2.jpeg\" data-src=\"https:\/\/eldiariodesanpedro.com.ar\/sitio\/wp-content\/uploads\/2021\/04\/WhatsApp-Image-2021-04-23-at-10.02.35-2.jpeg\" alt=\"\" class=\"wp-image-91388 lazyload\" width=\"799\" height=\"811\" src=\"data:image\/svg+xml;base64,PHN2ZyB3aWR0aD0iMSIgaGVpZ2h0PSIxIiB4bWxucz0iaHR0cDovL3d3dy53My5vcmcvMjAwMC9zdmciPjwvc3ZnPg==\" style=\"--smush-placeholder-width: 799px; --smush-placeholder-aspect-ratio: 799\/811;\" \/><\/figure>\n\n\n\n<figure class=\"wp-block-image size-large\"><img decoding=\"async\" width=\"880\" height=\"586\" data-attachment-id=\"91387\" data-permalink=\"https:\/\/eldiariodesanpedro.com.ar\/sitio\/consorcio-de-gestion-del-puerto-de-san-pedro-expresa-su-consternacion-por-la-muerte-de-mario-meoni\/whatsapp-image-2021-04-23-at-10-02-35-1\/\" data-orig-file=\"https:\/\/eldiariodesanpedro.com.ar\/sitio\/wp-content\/uploads\/2021\/04\/WhatsApp-Image-2021-04-23-at-10.02.35-1.jpeg\" data-orig-size=\"880,586\" data-comments-opened=\"1\" data-image-meta=\"{&quot;aperture&quot;:&quot;0&quot;,&quot;credit&quot;:&quot;&quot;,&quot;camera&quot;:&quot;&quot;,&quot;caption&quot;:&quot;&quot;,&quot;created_timestamp&quot;:&quot;0&quot;,&quot;copyright&quot;:&quot;&quot;,&quot;focal_length&quot;:&quot;0&quot;,&quot;iso&quot;:&quot;0&quot;,&quot;shutter_speed&quot;:&quot;0&quot;,&quot;title&quot;:&quot;&quot;,&quot;orientation&quot;:&quot;0&quot;}\" data-image-title=\"WhatsApp Image 2021-04-23 at 10.02.35 (1)\" data-image-description=\"\" data-image-caption=\"\" data-large-file=\"https:\/\/eldiariodesanpedro.com.ar\/sitio\/wp-content\/uploads\/2021\/04\/WhatsApp-Image-2021-04-23-at-10.02.35-1.jpeg\" data-src=\"https:\/\/eldiariodesanpedro.com.ar\/sitio\/wp-content\/uploads\/2021\/04\/WhatsApp-Image-2021-04-23-at-10.02.35-1.jpeg\" alt=\"\" class=\"wp-image-91387 lazyload\" data-srcset=\"https:\/\/eldiariodesanpedro.com.ar\/sitio\/wp-content\/uploads\/2021\/04\/WhatsApp-Image-2021-04-23-at-10.02.35-1.jpeg 880w, https:\/\/eldiariodesanpedro.com.ar\/sitio\/wp-content\/uploads\/2021\/04\/WhatsApp-Image-2021-04-23-at-10.02.35-1-300x200.jpeg 300w, https:\/\/eldiariodesanpedro.com.ar\/sitio\/wp-content\/uploads\/2021\/04\/WhatsApp-Image-2021-04-23-at-10.02.35-1-768x511.jpeg 768w\" data-sizes=\"(max-width: 880px) 100vw, 880px\" src=\"data:image\/svg+xml;base64,PHN2ZyB3aWR0aD0iMSIgaGVpZ2h0PSIxIiB4bWxucz0iaHR0cDovL3d3dy53My5vcmcvMjAwMC9zdmciPjwvc3ZnPg==\" style=\"--smush-placeholder-width: 880px; --smush-placeholder-aspect-ratio: 880\/586;\" \/><\/figure>\n","protected":false},"excerpt":{"rendered":"<p>El pasado domingo 18 el Partido Siocialista realiz\u00f3 las elecciones internas a nivel nacional, provincial y seccional, y San Pedro no fue la excepci\u00f3n. Quedando conformado en todo el pais de la siguiente manera:&nbsp; Presidente del Partido Socialista Argentino: M\u00f3nica Fein, ex intendente de Rosario, constituy\u00e9ndose as\u00ed en la primera mujer en ocupar dicho cargo [&hellip;]<\/p>\n","protected":false},"author":4,"featured_media":91381,"comment_status":"open","ping_status":"closed","sticky":false,"template":"","format":"standard","meta":{"om_disable_all_campaigns":false,"_jetpack_memberships_contains_paid_content":false,"footnotes":""},"categories":[2,102],"tags":[],"class_list":["post-91380","post","type-post","status-publish","format-standard","has-post-thumbnail","hentry","category-locales","category-politica-locales"],"aioseo_notices":[],"gutentor_comment":0,"jetpack_featured_media_url":"https:\/\/eldiariodesanpedro.com.ar\/sitio\/wp-content\/uploads\/2021\/04\/Sin-titulo-2-4.jpg","jetpack_shortlink":"https:\/\/wp.me\/p6RhLt-nLS","jetpack_sharing_enabled":true,"_links":{"self":[{"href":"https:\/\/eldiariodesanpedro.com.ar\/sitio\/wp-json\/wp\/v2\/posts\/91380","targetHints":{"allow":["GET"]}}],"collection":[{"href":"https:\/\/eldiariodesanpedro.com.ar\/sitio\/wp-json\/wp\/v2\/posts"}],"about":[{"href":"https:\/\/eldiariodesanpedro.com.ar\/sitio\/wp-json\/wp\/v2\/types\/post"}],"author":[{"embeddable":true,"href":"https:\/\/eldiariodesanpedro.com.ar\/sitio\/wp-json\/wp\/v2\/users\/4"}],"replies":[{"embeddable":true,"href":"https:\/\/eldiariodesanpedro.com.ar\/sitio\/wp-json\/wp\/v2\/comments?post=91380"}],"version-history":[{"count":2,"href":"https:\/\/eldiariodesanpedro.com.ar\/sitio\/wp-json\/wp\/v2\/posts\/91380\/revisions"}],"predecessor-version":[{"id":91392,"href":"https:\/\/eldiariodesanpedro.com.ar\/sitio\/wp-json\/wp\/v2\/posts\/91380\/revisions\/91392"}],"wp:featuredmedia":[{"embeddable":true,"href":"https:\/\/eldiariodesanpedro.com.ar\/sitio\/wp-json\/wp\/v2\/media\/91381"}],"wp:attachment":[{"href":"https:\/\/eldiariodesanpedro.com.ar\/sitio\/wp-json\/wp\/v2\/media?parent=91380"}],"wp:term":[{"taxonomy":"category","embeddable":true,"href":"https:\/\/eldiariodesanpedro.com.ar\/sitio\/wp-json\/wp\/v2\/categories?post=91380"},{"taxonomy":"post_tag","embeddable":true,"href":"https:\/\/eldiariodesanpedro.com.ar\/sitio\/wp-json\/wp\/v2\/tags?post=91380"}],"curies":[{"name":"wp","href":"https:\/\/api.w.org\/{rel}","templated":true}]}}