{"id":91377,"date":"2021-04-24T12:54:33","date_gmt":"2021-04-24T15:54:33","guid":{"rendered":"https:\/\/eldiariodesanpedro.com.ar\/sitio\/?p=91377"},"modified":"2021-04-24T12:54:38","modified_gmt":"2021-04-24T15:54:38","slug":"ramallo-serian-mas-de-100-los-despidos-en-arrebeef","status":"publish","type":"post","link":"https:\/\/eldiariodesanpedro.com.ar\/sitio\/ramallo-serian-mas-de-100-los-despidos-en-arrebeef\/","title":{"rendered":"RAMALLO | Ser\u00edan m\u00e1s de 100 los despidos en ArreBeef"},"content":{"rendered":"<!-- VideographyWP Plugin Message: Automatic video embedding prevented by plugin options. -->\n\n<p>La imagen muestra c\u00f3mo notificaban a los empleados esta ma\u00f1ana en la puerta del frigor\u00edfico sobre su despido, ya que en el d\u00eda de hoy finaliz\u00f3 la conciliaci\u00f3n obligatoria.<\/p>\n\n\n\n<p>Seg\u00fan trascendidos, ser\u00edan m\u00e1s de 100 trabajadores -y no 60 c\u00f3mo se hab\u00eda anunciado- los que fueron desvinculados de la empresa.<\/p>\n\n\n\n<p>Fuente: FM 95.5 Ramallo City<\/p>\n","protected":false},"excerpt":{"rendered":"<p>La imagen muestra c\u00f3mo notificaban a los empleados esta ma\u00f1ana en la puerta del frigor\u00edfico sobre su despido, ya que en el d\u00eda de hoy finaliz\u00f3 la conciliaci\u00f3n obligatoria. Seg\u00fan trascendidos, ser\u00edan m\u00e1s de 100 trabajadores -y no 60 c\u00f3mo se hab\u00eda anunciado- los que fueron desvinculados de la empresa. Fuente: FM 95.5 Ramallo City<\/p>\n","protected":false},"author":4,"featured_media":91378,"comment_status":"open","ping_status":"closed","sticky":false,"template":"","format":"standard","meta":{"om_disable_all_campaigns":false,"_jetpack_memberships_contains_paid_content":false,"footnotes":""},"categories":[621],"tags":[],"class_list":["post-91377","post","type-post","status-publish","format-standard","has-post-thumbnail","hentry","category-regionales"],"aioseo_notices":[],"gutentor_comment":0,"jetpack_featured_media_url":"https:\/\/eldiariodesanpedro.com.ar\/sitio\/wp-content\/uploads\/2021\/04\/no_u9fw98qf3kx5k5lSin_t_tulo_1.jpg","jetpack_shortlink":"https:\/\/wp.me\/p6RhLt-nLP","jetpack_sharing_enabled":true,"_links":{"self":[{"href":"https:\/\/eldiariodesanpedro.com.ar\/sitio\/wp-json\/wp\/v2\/posts\/91377","targetHints":{"allow":["GET"]}}],"collection":[{"href":"https:\/\/eldiariodesanpedro.com.ar\/sitio\/wp-json\/wp\/v2\/posts"}],"about":[{"href":"https:\/\/eldiariodesanpedro.com.ar\/sitio\/wp-json\/wp\/v2\/types\/post"}],"author":[{"embeddable":true,"href":"https:\/\/eldiariodesanpedro.com.ar\/sitio\/wp-json\/wp\/v2\/users\/4"}],"replies":[{"embeddable":true,"href":"https:\/\/eldiariodesanpedro.com.ar\/sitio\/wp-json\/wp\/v2\/comments?post=91377"}],"version-history":[{"count":1,"href":"https:\/\/eldiariodesanpedro.com.ar\/sitio\/wp-json\/wp\/v2\/posts\/91377\/revisions"}],"predecessor-version":[{"id":91379,"href":"https:\/\/eldiariodesanpedro.com.ar\/sitio\/wp-json\/wp\/v2\/posts\/91377\/revisions\/91379"}],"wp:featuredmedia":[{"embeddable":true,"href":"https:\/\/eldiariodesanpedro.com.ar\/sitio\/wp-json\/wp\/v2\/media\/91378"}],"wp:attachment":[{"href":"https:\/\/eldiariodesanpedro.com.ar\/sitio\/wp-json\/wp\/v2\/media?parent=91377"}],"wp:term":[{"taxonomy":"category","embeddable":true,"href":"https:\/\/eldiariodesanpedro.com.ar\/sitio\/wp-json\/wp\/v2\/categories?post=91377"},{"taxonomy":"post_tag","embeddable":true,"href":"https:\/\/eldiariodesanpedro.com.ar\/sitio\/wp-json\/wp\/v2\/tags?post=91377"}],"curies":[{"name":"wp","href":"https:\/\/api.w.org\/{rel}","templated":true}]}}