{"id":91374,"date":"2021-04-24T12:38:06","date_gmt":"2021-04-24T15:38:06","guid":{"rendered":"https:\/\/eldiariodesanpedro.com.ar\/sitio\/?p=91374"},"modified":"2021-04-24T12:38:11","modified_gmt":"2021-04-24T15:38:11","slug":"el-bebe-que-sobrevivio-al-choque-de-zarate-donde-estuvo-involucrado-un-sampedrino-empieza-una-nueva-vida-junto-a-su-tia","status":"publish","type":"post","link":"https:\/\/eldiariodesanpedro.com.ar\/sitio\/el-bebe-que-sobrevivio-al-choque-de-zarate-donde-estuvo-involucrado-un-sampedrino-empieza-una-nueva-vida-junto-a-su-tia\/","title":{"rendered":"El beb\u00e9 que sobrevivi\u00f3 al choque de Z\u00e1rate donde estuvo involucrado un sampedrino  empieza una nueva vida junto a su t\u00eda"},"content":{"rendered":"<!-- VideographyWP Plugin Message: Automatic video embedding prevented by plugin options. -->\n\n<p><strong>Milanyela Chac\u00f3n S\u00e1nchez, la t\u00eda de Oliver Toro Chac\u00f3n, el beb\u00e9 de un a\u00f1o que sobrevivi\u00f3 a un accidente en el que murieron sus pap\u00e1s y su abuela, todos de nacionalidad venezolana, agradeci\u00f3 a la Argentina por la ayuda que recibieron. La mujer, que era hermana gemela de la mam\u00e1, ya obtuvo la guarda del nene y la familia volver\u00e1 a Venezuela el 8 de mayo.<\/strong><\/p>\n\n\n\n<p>\u201cA pesar de todo el dolor que tuvimos, estar aqu\u00ed fue una gran ayuda. Estoy muy agradecida. Fue importante estar pronto con Oliver\u201d, declar\u00f3 la mujer que destin\u00f3 palabras tanto a las autoridades argentinas como venezolanas por haber facilitado su llegada al pa\u00eds y los tr\u00e1mites para que Oliver pueda estar con sus parientes. Los pasajes, traslados y alojamientos fueron cubiertos por el Centro de asistencia a v\u00edctimas de la Agencia Nacional de Seguridad Vial.<\/p>\n\n\n\n<p><strong>El primer encuentro con Oliver<\/strong><br>\u201cEs el hijito de mi hermana, es la carita de su pap\u00e1\u201d, dijo con emoci\u00f3n sobre el chiquito que conoci\u00f3 por videollamadas. Seg\u00fan cont\u00f3, tras la tragedia \u201cera muy fuerte hablar con Oliver\u201d porque el nene reconoc\u00eda en ella el rostro y la voz de su mam\u00e1. \u201cSomos gemelas y tenemos la voz id\u00e9ntica. Y por videollamada \u00e9l buscaba la voz\u201d, cont\u00f3.<\/p>\n\n\n\n<p>Milanyela afirm\u00f3 que Oliver le da a la familia \u201cfuerza para seguir adelante\u201d. \u201cEstar con \u00e9l es un agrado\u201d, dijo.<\/p>\n\n\n\n<p>La mujer dijo que el primer encuentro \u201cfue muy especial\u201d. \u201cFue una emoci\u00f3n muy grande conocerlo en persona, abrazarlo, decirle \u2018eres mi sobrino y te quiero mucho\u2019\u201d, agreg\u00f3. \u201cAl verme se emocion\u00f3\u201d, sostuvo sobre le parecido f\u00edsico que tiene con su hermana.<\/p>\n\n\n\n<p>\u201cAc\u00e1 estamos para darle el amor y el cari\u00f1o que le prometimos a mi mam\u00e1 y mi hermana y a Ra\u00fal (su cu\u00f1ado)\u201d, declar\u00f3<\/p>\n\n\n\n<p>Su hermano y t\u00edo del nene, Miguel Chac\u00f3n, dijo que el caso de su sobrino es \u201cuna bendici\u00f3n que nace del dolor, porque Oliver sobrevivi\u00f3 a semejante tragedia\u201d. El hombre tambi\u00e9n tuvo palabras de agradecimiento para Sof\u00eda Centuri\u00f3n, la amiga del matrimonio que ten\u00eda en abrigo al peque\u00f1o hasta la llegada de su familia: \u201cFue amor lo que le dieron estos d\u00edas\u201d.<\/p>\n\n\n\n<p>Miguel cont\u00f3 que se enter\u00f3 del accidente por otros familiares, que le pasaron links hacia portales de noticias. En las fotos, reconoci\u00f3 el auto y sobre todo \u201cla ropa de su mam\u00e1\u201d. Cuando finalmente pudo comunicarse con la empresa donde trabajaba su cu\u00f1ado, le confirmaron la tragedia: \u201cMurieron Ra\u00fal, tu hermana y tu mam\u00e1 pero se salv\u00f3 el ni\u00f1o\u201d. \u201cFueron muchas noches sin dormir\u201d, dijo sobre los d\u00edas siguientes hasta poder llegar a la Argentina, hacer la cuarentena y por fin conocer al nene.<\/p>\n\n\n\n<p>Ahora, la familia se prepara para volver a Venezuela con Oliver. \u201cEstamos felices\u201d de volver con \u00e9l, \u201ces lo m\u00e1s importante\u201d, concluy\u00f3 Milanyela.<\/p>\n\n\n\n<p>Fuente: TN<\/p>\n","protected":false},"excerpt":{"rendered":"<p>Milanyela Chac\u00f3n S\u00e1nchez, la t\u00eda de Oliver Toro Chac\u00f3n, el beb\u00e9 de un a\u00f1o que sobrevivi\u00f3 a un accidente en el que murieron sus pap\u00e1s y su abuela, todos de nacionalidad venezolana, agradeci\u00f3 a la Argentina por la ayuda que recibieron. La mujer, que era hermana gemela de la mam\u00e1, ya obtuvo la guarda del [&hellip;]<\/p>\n","protected":false},"author":4,"featured_media":91375,"comment_status":"open","ping_status":"closed","sticky":false,"template":"","format":"standard","meta":{"om_disable_all_campaigns":false,"_jetpack_memberships_contains_paid_content":false,"footnotes":""},"categories":[50,101,2],"tags":[],"class_list":["post-91374","post","type-post","status-publish","format-standard","has-post-thumbnail","hentry","category-destacadas","category-interes-general-locales","category-locales"],"aioseo_notices":[],"gutentor_comment":0,"jetpack_featured_media_url":"https:\/\/eldiariodesanpedro.com.ar\/sitio\/wp-content\/uploads\/2021\/04\/bebe-oliver.jpg","jetpack_shortlink":"https:\/\/wp.me\/p6RhLt-nLM","jetpack_sharing_enabled":true,"_links":{"self":[{"href":"https:\/\/eldiariodesanpedro.com.ar\/sitio\/wp-json\/wp\/v2\/posts\/91374","targetHints":{"allow":["GET"]}}],"collection":[{"href":"https:\/\/eldiariodesanpedro.com.ar\/sitio\/wp-json\/wp\/v2\/posts"}],"about":[{"href":"https:\/\/eldiariodesanpedro.com.ar\/sitio\/wp-json\/wp\/v2\/types\/post"}],"author":[{"embeddable":true,"href":"https:\/\/eldiariodesanpedro.com.ar\/sitio\/wp-json\/wp\/v2\/users\/4"}],"replies":[{"embeddable":true,"href":"https:\/\/eldiariodesanpedro.com.ar\/sitio\/wp-json\/wp\/v2\/comments?post=91374"}],"version-history":[{"count":1,"href":"https:\/\/eldiariodesanpedro.com.ar\/sitio\/wp-json\/wp\/v2\/posts\/91374\/revisions"}],"predecessor-version":[{"id":91376,"href":"https:\/\/eldiariodesanpedro.com.ar\/sitio\/wp-json\/wp\/v2\/posts\/91374\/revisions\/91376"}],"wp:featuredmedia":[{"embeddable":true,"href":"https:\/\/eldiariodesanpedro.com.ar\/sitio\/wp-json\/wp\/v2\/media\/91375"}],"wp:attachment":[{"href":"https:\/\/eldiariodesanpedro.com.ar\/sitio\/wp-json\/wp\/v2\/media?parent=91374"}],"wp:term":[{"taxonomy":"category","embeddable":true,"href":"https:\/\/eldiariodesanpedro.com.ar\/sitio\/wp-json\/wp\/v2\/categories?post=91374"},{"taxonomy":"post_tag","embeddable":true,"href":"https:\/\/eldiariodesanpedro.com.ar\/sitio\/wp-json\/wp\/v2\/tags?post=91374"}],"curies":[{"name":"wp","href":"https:\/\/api.w.org\/{rel}","templated":true}]}}