{"id":91371,"date":"2021-04-24T12:35:23","date_gmt":"2021-04-24T15:35:23","guid":{"rendered":"https:\/\/eldiariodesanpedro.com.ar\/sitio\/?p=91371"},"modified":"2021-04-24T12:35:27","modified_gmt":"2021-04-24T15:35:27","slug":"anses-habilito-la-carga-de-declaracion-jurada-que-reemplaza-a-la-libreta-de-auh","status":"publish","type":"post","link":"https:\/\/eldiariodesanpedro.com.ar\/sitio\/anses-habilito-la-carga-de-declaracion-jurada-que-reemplaza-a-la-libreta-de-auh\/","title":{"rendered":"Anses habilit\u00f3 la carga de declaraci\u00f3n jurada que reemplaza a la libreta de AUH"},"content":{"rendered":"<!-- VideographyWP Plugin Message: Automatic video embedding prevented by plugin options. -->\n\n<p>Ante las medidas de prevenci\u00f3n sanitaria adoptadas por la pandemia, el presidente Alberto Fern\u00e1ndez firm\u00f3 el decreto por el cual los titulares de la Asignaci\u00f3n Universal por Hijo (AUH) pueden presentar este a\u00f1o ante la ANSES una declaraci\u00f3n jurada en reemplazo de la Libreta Nacional de Seguridad Social, Salud y Educaci\u00f3n.<br>La gesti\u00f3n se realiza con simples pasos y sin salir de casa, desde un celular o una computadora con internet, ingresando a&nbsp;<a href=\"http:\/\/www.anses.gob.ar\/tramite\/libreta-de-asignacion-universal\" target=\"_blank\" rel=\"noreferrer noopener\">www.anses.gob.ar\/tramite\/libreta-de-asignacion-universal<\/a>&nbsp;.<\/p>\n\n\n\n<p>La ANSES indic\u00f3 que se busca \u201cgarantizar\u201d el acceso de todos los chicos a la Seguridad Social, a\u00fan frente a los obst\u00e1culos de la pandemia para la presentaci\u00f3n de libretas.<br>La presentaci\u00f3n debe efectuarse hasta el 31 de diciembre de 2021.<br>As\u00ed, quedar\u00e1 habilitado el cobro del complemento del 20 por ciento acumulado, que se har\u00e1 efectivo dentro de los 60 d\u00edas de presentada la declaraci\u00f3n jurada.<\/p>\n","protected":false},"excerpt":{"rendered":"<p>Ante las medidas de prevenci\u00f3n sanitaria adoptadas por la pandemia, el presidente Alberto Fern\u00e1ndez firm\u00f3 el decreto por el cual los titulares de la Asignaci\u00f3n Universal por Hijo (AUH) pueden presentar este a\u00f1o ante la ANSES una declaraci\u00f3n jurada en reemplazo de la Libreta Nacional de Seguridad Social, Salud y Educaci\u00f3n.La gesti\u00f3n se realiza con [&hellip;]<\/p>\n","protected":false},"author":4,"featured_media":91372,"comment_status":"open","ping_status":"closed","sticky":false,"template":"","format":"standard","meta":{"om_disable_all_campaigns":false,"_jetpack_memberships_contains_paid_content":false,"footnotes":""},"categories":[621],"tags":[],"class_list":["post-91371","post","type-post","status-publish","format-standard","has-post-thumbnail","hentry","category-regionales"],"aioseo_notices":[],"gutentor_comment":0,"jetpack_featured_media_url":"https:\/\/eldiariodesanpedro.com.ar\/sitio\/wp-content\/uploads\/2021\/04\/AUH-LIBRETA.jpg","jetpack_shortlink":"https:\/\/wp.me\/p6RhLt-nLJ","jetpack_sharing_enabled":true,"_links":{"self":[{"href":"https:\/\/eldiariodesanpedro.com.ar\/sitio\/wp-json\/wp\/v2\/posts\/91371","targetHints":{"allow":["GET"]}}],"collection":[{"href":"https:\/\/eldiariodesanpedro.com.ar\/sitio\/wp-json\/wp\/v2\/posts"}],"about":[{"href":"https:\/\/eldiariodesanpedro.com.ar\/sitio\/wp-json\/wp\/v2\/types\/post"}],"author":[{"embeddable":true,"href":"https:\/\/eldiariodesanpedro.com.ar\/sitio\/wp-json\/wp\/v2\/users\/4"}],"replies":[{"embeddable":true,"href":"https:\/\/eldiariodesanpedro.com.ar\/sitio\/wp-json\/wp\/v2\/comments?post=91371"}],"version-history":[{"count":1,"href":"https:\/\/eldiariodesanpedro.com.ar\/sitio\/wp-json\/wp\/v2\/posts\/91371\/revisions"}],"predecessor-version":[{"id":91373,"href":"https:\/\/eldiariodesanpedro.com.ar\/sitio\/wp-json\/wp\/v2\/posts\/91371\/revisions\/91373"}],"wp:featuredmedia":[{"embeddable":true,"href":"https:\/\/eldiariodesanpedro.com.ar\/sitio\/wp-json\/wp\/v2\/media\/91372"}],"wp:attachment":[{"href":"https:\/\/eldiariodesanpedro.com.ar\/sitio\/wp-json\/wp\/v2\/media?parent=91371"}],"wp:term":[{"taxonomy":"category","embeddable":true,"href":"https:\/\/eldiariodesanpedro.com.ar\/sitio\/wp-json\/wp\/v2\/categories?post=91371"},{"taxonomy":"post_tag","embeddable":true,"href":"https:\/\/eldiariodesanpedro.com.ar\/sitio\/wp-json\/wp\/v2\/tags?post=91371"}],"curies":[{"name":"wp","href":"https:\/\/api.w.org\/{rel}","templated":true}]}}