{"id":91366,"date":"2021-04-24T11:55:05","date_gmt":"2021-04-24T14:55:05","guid":{"rendered":"https:\/\/eldiariodesanpedro.com.ar\/sitio\/?p=91366"},"modified":"2021-04-24T11:55:11","modified_gmt":"2021-04-24T14:55:11","slug":"inicio-de-la-temporada-de-poda-se-debe-informar-al-municipio","status":"publish","type":"post","link":"https:\/\/eldiariodesanpedro.com.ar\/sitio\/inicio-de-la-temporada-de-poda-se-debe-informar-al-municipio\/","title":{"rendered":"Inicio de la temporada de poda, se debe informar al municipio"},"content":{"rendered":"<!-- VideographyWP Plugin Message: Automatic video embedding prevented by plugin options. -->\n\n<p>La Secretar\u00eda de Servicios P\u00fablicos de la Municipalidad de San Pedro comunica a los vecinos, que para realizar poda de \u00e1rboles en la v\u00eda p\u00fablica, previamente deber\u00e1n dirigirse al Municipio, solicitar el permiso a trav\u00e9s de una nota por Mesa de Entrada, y luego retirar en la Secretar\u00eda ubicada en Arnaldo 150, la correspondiente autorizaci\u00f3n.<\/p>\n\n\n\n<p>Adem\u00e1s, se recuerda que esta disposici\u00f3n (Ordenanza 3884\/85 Art. 196) est\u00e1 vigente por 4 meses, desde el 1 de mayo al 31 de agosto. Es Importante aclarar que el frentista es el responsable de la poda de los \u00e1rboles, adem\u00e1s de la recolecci\u00f3n de las ramas, por lo que deber\u00e1 retirarlas una vez finalizado el trabajo.<\/p>\n","protected":false},"excerpt":{"rendered":"<p>La Secretar\u00eda de Servicios P\u00fablicos de la Municipalidad de San Pedro comunica a los vecinos, que para realizar poda de \u00e1rboles en la v\u00eda p\u00fablica, previamente deber\u00e1n dirigirse al Municipio, solicitar el permiso a trav\u00e9s de una nota por Mesa de Entrada, y luego retirar en la Secretar\u00eda ubicada en Arnaldo 150, la correspondiente autorizaci\u00f3n. [&hellip;]<\/p>\n","protected":false},"author":4,"featured_media":91367,"comment_status":"open","ping_status":"closed","sticky":false,"template":"","format":"standard","meta":{"om_disable_all_campaigns":false,"_jetpack_memberships_contains_paid_content":false,"footnotes":""},"categories":[101,2],"tags":[],"class_list":["post-91366","post","type-post","status-publish","format-standard","has-post-thumbnail","hentry","category-interes-general-locales","category-locales"],"aioseo_notices":[],"gutentor_comment":0,"jetpack_featured_media_url":"https:\/\/eldiariodesanpedro.com.ar\/sitio\/wp-content\/uploads\/2021\/04\/WhatsApp-Image-2021-04-23-at-13.34.49.jpeg","jetpack_shortlink":"https:\/\/wp.me\/p6RhLt-nLE","jetpack_sharing_enabled":true,"_links":{"self":[{"href":"https:\/\/eldiariodesanpedro.com.ar\/sitio\/wp-json\/wp\/v2\/posts\/91366","targetHints":{"allow":["GET"]}}],"collection":[{"href":"https:\/\/eldiariodesanpedro.com.ar\/sitio\/wp-json\/wp\/v2\/posts"}],"about":[{"href":"https:\/\/eldiariodesanpedro.com.ar\/sitio\/wp-json\/wp\/v2\/types\/post"}],"author":[{"embeddable":true,"href":"https:\/\/eldiariodesanpedro.com.ar\/sitio\/wp-json\/wp\/v2\/users\/4"}],"replies":[{"embeddable":true,"href":"https:\/\/eldiariodesanpedro.com.ar\/sitio\/wp-json\/wp\/v2\/comments?post=91366"}],"version-history":[{"count":1,"href":"https:\/\/eldiariodesanpedro.com.ar\/sitio\/wp-json\/wp\/v2\/posts\/91366\/revisions"}],"predecessor-version":[{"id":91368,"href":"https:\/\/eldiariodesanpedro.com.ar\/sitio\/wp-json\/wp\/v2\/posts\/91366\/revisions\/91368"}],"wp:featuredmedia":[{"embeddable":true,"href":"https:\/\/eldiariodesanpedro.com.ar\/sitio\/wp-json\/wp\/v2\/media\/91367"}],"wp:attachment":[{"href":"https:\/\/eldiariodesanpedro.com.ar\/sitio\/wp-json\/wp\/v2\/media?parent=91366"}],"wp:term":[{"taxonomy":"category","embeddable":true,"href":"https:\/\/eldiariodesanpedro.com.ar\/sitio\/wp-json\/wp\/v2\/categories?post=91366"},{"taxonomy":"post_tag","embeddable":true,"href":"https:\/\/eldiariodesanpedro.com.ar\/sitio\/wp-json\/wp\/v2\/tags?post=91366"}],"curies":[{"name":"wp","href":"https:\/\/api.w.org\/{rel}","templated":true}]}}