{"id":91364,"date":"2021-04-24T11:49:19","date_gmt":"2021-04-24T14:49:19","guid":{"rendered":"https:\/\/eldiariodesanpedro.com.ar\/sitio\/?p=91364"},"modified":"2021-04-24T11:49:23","modified_gmt":"2021-04-24T14:49:23","slug":"en-san-pedro-quedan-libres-6-camas-uti-de-las-que-3-tienen-respiradores-y-56-camas-covid","status":"publish","type":"post","link":"https:\/\/eldiariodesanpedro.com.ar\/sitio\/en-san-pedro-quedan-libres-6-camas-uti-de-las-que-3-tienen-respiradores-y-56-camas-covid\/","title":{"rendered":"En San Pedro quedan libres 6 camas UTI de las que 3 tienen respiradores y 56 camas Covid"},"content":{"rendered":"<!-- VideographyWP Plugin Message: Automatic video embedding prevented by plugin options. -->\n\n<p>Les informamos desde la Secretar\u00eda de Salud, el estado de situaci\u00f3n actual en cuanto a la ocupaci\u00f3n y disponibilidad de camas para internaci\u00f3n en el Partido de San Pedro al 24 de abril.<\/p>\n\n\n\n<p>Camas UTI c\/ Respirador: 12 de 15 (3 libres)<br>UTI c\/ARM Hospital: 3 de 4<br>ShockRoom c\/ARM Hospital: 2 de 4<br>UTI c\/ARM Coopser: 4 de 4<br>UTI c\/ARM CPSP: 3 de 3<\/p>\n\n\n\n<p>Camas COVID asignadas: 17 de 73 (56 libres)<br>Hospital en CPSP: 7 de 7<br>CPSP: 2 de 7<br>Coopser: 6 de 17<br>Maternidad Hospital: 2 de 2<br>ANDAR: 0 de 25<br>Gob. Castro: 0 de 3<br>Santa Luc\u00eda: 0 de 12<\/p>\n\n\n\n<p>Adem\u00e1s confirmamos la recepci\u00f3n de 1200 dosis de Sputnik V esta ma\u00f1ana en el vacunatorio Salta y 9 de Julio.<\/p>\n\n\n\n<p>Se est\u00e1n procesando resultados de las muestras enviadas ayer y ser\u00e1n incluidos en el pr\u00f3ximo informe junto con el total de muestras a ser remitidas en las pr\u00f3ximas horas.<\/p>\n","protected":false},"excerpt":{"rendered":"<p>Les informamos desde la Secretar\u00eda de Salud, el estado de situaci\u00f3n actual en cuanto a la ocupaci\u00f3n y disponibilidad de camas para internaci\u00f3n en el Partido de San Pedro al 24 de abril. Camas UTI c\/ Respirador: 12 de 15 (3 libres)UTI c\/ARM Hospital: 3 de 4ShockRoom c\/ARM Hospital: 2 de 4UTI c\/ARM Coopser: 4 [&hellip;]<\/p>\n","protected":false},"author":4,"featured_media":79152,"comment_status":"open","ping_status":"closed","sticky":false,"template":"","format":"standard","meta":{"om_disable_all_campaigns":false,"_jetpack_memberships_contains_paid_content":false,"footnotes":""},"categories":[50,101,2],"tags":[],"class_list":["post-91364","post","type-post","status-publish","format-standard","has-post-thumbnail","hentry","category-destacadas","category-interes-general-locales","category-locales"],"aioseo_notices":[],"gutentor_comment":0,"jetpack_featured_media_url":"https:\/\/eldiariodesanpedro.com.ar\/sitio\/wp-content\/uploads\/2020\/08\/Coronavirus-UTI-696x477-1.jpg","jetpack_shortlink":"https:\/\/wp.me\/p6RhLt-nLC","jetpack_sharing_enabled":true,"_links":{"self":[{"href":"https:\/\/eldiariodesanpedro.com.ar\/sitio\/wp-json\/wp\/v2\/posts\/91364","targetHints":{"allow":["GET"]}}],"collection":[{"href":"https:\/\/eldiariodesanpedro.com.ar\/sitio\/wp-json\/wp\/v2\/posts"}],"about":[{"href":"https:\/\/eldiariodesanpedro.com.ar\/sitio\/wp-json\/wp\/v2\/types\/post"}],"author":[{"embeddable":true,"href":"https:\/\/eldiariodesanpedro.com.ar\/sitio\/wp-json\/wp\/v2\/users\/4"}],"replies":[{"embeddable":true,"href":"https:\/\/eldiariodesanpedro.com.ar\/sitio\/wp-json\/wp\/v2\/comments?post=91364"}],"version-history":[{"count":1,"href":"https:\/\/eldiariodesanpedro.com.ar\/sitio\/wp-json\/wp\/v2\/posts\/91364\/revisions"}],"predecessor-version":[{"id":91365,"href":"https:\/\/eldiariodesanpedro.com.ar\/sitio\/wp-json\/wp\/v2\/posts\/91364\/revisions\/91365"}],"wp:featuredmedia":[{"embeddable":true,"href":"https:\/\/eldiariodesanpedro.com.ar\/sitio\/wp-json\/wp\/v2\/media\/79152"}],"wp:attachment":[{"href":"https:\/\/eldiariodesanpedro.com.ar\/sitio\/wp-json\/wp\/v2\/media?parent=91364"}],"wp:term":[{"taxonomy":"category","embeddable":true,"href":"https:\/\/eldiariodesanpedro.com.ar\/sitio\/wp-json\/wp\/v2\/categories?post=91364"},{"taxonomy":"post_tag","embeddable":true,"href":"https:\/\/eldiariodesanpedro.com.ar\/sitio\/wp-json\/wp\/v2\/tags?post=91364"}],"curies":[{"name":"wp","href":"https:\/\/api.w.org\/{rel}","templated":true}]}}