{"id":91359,"date":"2021-04-24T11:40:56","date_gmt":"2021-04-24T14:40:56","guid":{"rendered":"https:\/\/eldiariodesanpedro.com.ar\/sitio\/?p=91359"},"modified":"2021-04-24T11:41:00","modified_gmt":"2021-04-24T14:41:00","slug":"aislamiento-preventivo-para-contactos-estrechos-de-casos-de-covid","status":"publish","type":"post","link":"https:\/\/eldiariodesanpedro.com.ar\/sitio\/aislamiento-preventivo-para-contactos-estrechos-de-casos-de-covid\/","title":{"rendered":"Aislamiento preventivo para contactos estrechos de casos de COVID"},"content":{"rendered":"<!-- VideographyWP Plugin Message: Automatic video embedding prevented by plugin options. -->\n\n<p>Se considera contacto estrecho, haber estado por m\u00e1s de 15 minutos a menos de 2 metros de distancia sin tener bien colocado el barbijo, o si la otra persona estaba en la misma situaci\u00f3n.<\/p>\n\n\n\n<p>Si esa persona resulta sospechoso o positivo de Covid-19, aislate para evitar contagiar a tu familia o convivientes.<\/p>\n\n\n\n<p>Si ten\u00e9s fiebre mayor a 37.5\u00b0, tos, dolor de garganta, diarrea o v\u00f3mitos, dolores musculares, dificultad para respirar, p\u00e9rdida de olfato y gusto, dolor de cabeza, realiz\u00e1 la consulta m\u00e9dica en los \u00abConsultorios Amarillos\u00bb del Sistema P\u00fablico de Salud.<\/p>\n\n\n\n<p>Funcionan en los ex-consultorios de OSPRERA &#8211; Ituzaing\u00f3 979<br>Lunes a Viernes de 8 a 12 y de 14 a 17. S\u00e1bado de 9 a 12.<\/p>\n\n\n\n<p>Pon\u00e9te en contacto con el m\u00e9dico que sigue el caso positivo o sospechoso que deriv\u00f3 en el aislamiento o llam\u00e1 al 107 para recibir orientaci\u00f3n.<\/p>\n\n\n\n<p>El aislamiento es FUNDAMENTAL al menos por 10 d\u00edas desde el \u00faltimo contacto con un caso sospechoso o positivo.<\/p>\n\n\n\n<p>Cuidemos a los m\u00e1s vulnerables<br>Seamos responsables y solidarios<\/p>\n\n\n\n<figure class=\"wp-block-image size-large\"><img decoding=\"async\" width=\"798\" height=\"798\" data-attachment-id=\"91360\" data-permalink=\"https:\/\/eldiariodesanpedro.com.ar\/sitio\/aislamiento-preventivo-para-contactos-estrechos-de-casos-de-covid\/whatsapp-image-2021-04-23-at-19-22-11\/\" data-orig-file=\"https:\/\/eldiariodesanpedro.com.ar\/sitio\/wp-content\/uploads\/2021\/04\/WhatsApp-Image-2021-04-23-at-19.22.11.jpeg\" data-orig-size=\"798,798\" data-comments-opened=\"1\" data-image-meta=\"{&quot;aperture&quot;:&quot;0&quot;,&quot;credit&quot;:&quot;&quot;,&quot;camera&quot;:&quot;&quot;,&quot;caption&quot;:&quot;&quot;,&quot;created_timestamp&quot;:&quot;0&quot;,&quot;copyright&quot;:&quot;&quot;,&quot;focal_length&quot;:&quot;0&quot;,&quot;iso&quot;:&quot;0&quot;,&quot;shutter_speed&quot;:&quot;0&quot;,&quot;title&quot;:&quot;&quot;,&quot;orientation&quot;:&quot;0&quot;}\" data-image-title=\"WhatsApp Image 2021-04-23 at 19.22.11\" data-image-description=\"\" data-image-caption=\"\" data-large-file=\"https:\/\/eldiariodesanpedro.com.ar\/sitio\/wp-content\/uploads\/2021\/04\/WhatsApp-Image-2021-04-23-at-19.22.11.jpeg\" data-src=\"https:\/\/eldiariodesanpedro.com.ar\/sitio\/wp-content\/uploads\/2021\/04\/WhatsApp-Image-2021-04-23-at-19.22.11.jpeg\" alt=\"\" class=\"wp-image-91360 lazyload\" data-srcset=\"https:\/\/eldiariodesanpedro.com.ar\/sitio\/wp-content\/uploads\/2021\/04\/WhatsApp-Image-2021-04-23-at-19.22.11.jpeg 798w, https:\/\/eldiariodesanpedro.com.ar\/sitio\/wp-content\/uploads\/2021\/04\/WhatsApp-Image-2021-04-23-at-19.22.11-300x300.jpeg 300w, https:\/\/eldiariodesanpedro.com.ar\/sitio\/wp-content\/uploads\/2021\/04\/WhatsApp-Image-2021-04-23-at-19.22.11-150x150.jpeg 150w, https:\/\/eldiariodesanpedro.com.ar\/sitio\/wp-content\/uploads\/2021\/04\/WhatsApp-Image-2021-04-23-at-19.22.11-768x768.jpeg 768w\" data-sizes=\"(max-width: 798px) 100vw, 798px\" src=\"data:image\/svg+xml;base64,PHN2ZyB3aWR0aD0iMSIgaGVpZ2h0PSIxIiB4bWxucz0iaHR0cDovL3d3dy53My5vcmcvMjAwMC9zdmciPjwvc3ZnPg==\" style=\"--smush-placeholder-width: 798px; --smush-placeholder-aspect-ratio: 798\/798;\" \/><\/figure>\n","protected":false},"excerpt":{"rendered":"<p>Se considera contacto estrecho, haber estado por m\u00e1s de 15 minutos a menos de 2 metros de distancia sin tener bien colocado el barbijo, o si la otra persona estaba en la misma situaci\u00f3n. Si esa persona resulta sospechoso o positivo de Covid-19, aislate para evitar contagiar a tu familia o convivientes. Si ten\u00e9s fiebre [&hellip;]<\/p>\n","protected":false},"author":4,"featured_media":78744,"comment_status":"open","ping_status":"closed","sticky":false,"template":"","format":"standard","meta":{"om_disable_all_campaigns":false,"_jetpack_memberships_contains_paid_content":false,"footnotes":""},"categories":[50,101,2],"tags":[],"class_list":["post-91359","post","type-post","status-publish","format-standard","has-post-thumbnail","hentry","category-destacadas","category-interes-general-locales","category-locales"],"aioseo_notices":[],"gutentor_comment":0,"jetpack_featured_media_url":"https:\/\/eldiariodesanpedro.com.ar\/sitio\/wp-content\/uploads\/2020\/07\/WhatsApp-Image-2020-07-31-at-19.29.17.jpeg","jetpack_shortlink":"https:\/\/wp.me\/p6RhLt-nLx","jetpack_sharing_enabled":true,"_links":{"self":[{"href":"https:\/\/eldiariodesanpedro.com.ar\/sitio\/wp-json\/wp\/v2\/posts\/91359","targetHints":{"allow":["GET"]}}],"collection":[{"href":"https:\/\/eldiariodesanpedro.com.ar\/sitio\/wp-json\/wp\/v2\/posts"}],"about":[{"href":"https:\/\/eldiariodesanpedro.com.ar\/sitio\/wp-json\/wp\/v2\/types\/post"}],"author":[{"embeddable":true,"href":"https:\/\/eldiariodesanpedro.com.ar\/sitio\/wp-json\/wp\/v2\/users\/4"}],"replies":[{"embeddable":true,"href":"https:\/\/eldiariodesanpedro.com.ar\/sitio\/wp-json\/wp\/v2\/comments?post=91359"}],"version-history":[{"count":1,"href":"https:\/\/eldiariodesanpedro.com.ar\/sitio\/wp-json\/wp\/v2\/posts\/91359\/revisions"}],"predecessor-version":[{"id":91361,"href":"https:\/\/eldiariodesanpedro.com.ar\/sitio\/wp-json\/wp\/v2\/posts\/91359\/revisions\/91361"}],"wp:featuredmedia":[{"embeddable":true,"href":"https:\/\/eldiariodesanpedro.com.ar\/sitio\/wp-json\/wp\/v2\/media\/78744"}],"wp:attachment":[{"href":"https:\/\/eldiariodesanpedro.com.ar\/sitio\/wp-json\/wp\/v2\/media?parent=91359"}],"wp:term":[{"taxonomy":"category","embeddable":true,"href":"https:\/\/eldiariodesanpedro.com.ar\/sitio\/wp-json\/wp\/v2\/categories?post=91359"},{"taxonomy":"post_tag","embeddable":true,"href":"https:\/\/eldiariodesanpedro.com.ar\/sitio\/wp-json\/wp\/v2\/tags?post=91359"}],"curies":[{"name":"wp","href":"https:\/\/api.w.org\/{rel}","templated":true}]}}