{"id":91353,"date":"2021-04-24T11:29:57","date_gmt":"2021-04-24T14:29:57","guid":{"rendered":"https:\/\/eldiariodesanpedro.com.ar\/sitio\/?p=91353"},"modified":"2021-04-24T11:30:02","modified_gmt":"2021-04-24T14:30:02","slug":"cronograma-de-los-talleres-que-lleva-adelante-la-direccion-de-cultura-en-el-marco-del-programa-animate-vos-vales","status":"publish","type":"post","link":"https:\/\/eldiariodesanpedro.com.ar\/sitio\/cronograma-de-los-talleres-que-lleva-adelante-la-direccion-de-cultura-en-el-marco-del-programa-animate-vos-vales\/","title":{"rendered":"Cronograma de los talleres que lleva adelante la Direcci\u00f3n de Cultura en el marco del programa \u00a1An\u00edmate, vos vales!"},"content":{"rendered":"<!-- VideographyWP Plugin Message: Automatic video embedding prevented by plugin options. -->\n\n<p>Inscripciones en cada una de las sedes donde se desarrolla la actividad en sus respectivos horarios.<\/p>\n\n\n\n<p> Las edades para participar de algunas de las actividades son:<\/p>\n\n\n\n<p>*Construcci\u00f3n de Instrumentos &#8211; Desde 8 a\u00f1os<br>*Lengua de Se\u00f1as &#8211; Desde 20 a\u00f1os<br>*Ritmos Urbanos &#8211; en el Club Am\u00e9rica &#8211; de 4 a 6 a\u00f1os<br>*Ritmos Urbanos &#8211; en el Centro Cultural &#8211; Mayores de 14 a\u00f1os<br>*Fotograf\u00eda &#8211; Mayores de 20 a\u00f1os<br>*Folklore en el Centro Cultural &#8211; de 5 a 12 a\u00f1os<br>*Teatro de 7 a 12 a\u00f1os<br>*Comedia Musical de 13 a 18 a\u00f1os<br>*Cester\u00eda: Solamente residentes de la Casa de Ancianos<br>*Canto, Dibujo, Literatura Y Folklore en R\u00edo Tala sin l\u00edmites de edad.<\/p>\n\n\n\n<p>Los esperamos!!<\/p>\n\n\n\n<figure class=\"wp-block-image size-large\"><img decoding=\"async\" width=\"723\" height=\"1024\" data-attachment-id=\"91354\" data-permalink=\"https:\/\/eldiariodesanpedro.com.ar\/sitio\/cronograma-de-los-talleres-que-lleva-adelante-la-direccion-de-cultura-en-el-marco-del-programa-animate-vos-vales\/whatsapp-image-2021-04-23-at-12-35-26\/\" data-orig-file=\"https:\/\/eldiariodesanpedro.com.ar\/sitio\/wp-content\/uploads\/2021\/04\/WhatsApp-Image-2021-04-23-at-12.35.26.jpeg\" data-orig-size=\"904,1280\" data-comments-opened=\"1\" data-image-meta=\"{&quot;aperture&quot;:&quot;0&quot;,&quot;credit&quot;:&quot;&quot;,&quot;camera&quot;:&quot;&quot;,&quot;caption&quot;:&quot;&quot;,&quot;created_timestamp&quot;:&quot;0&quot;,&quot;copyright&quot;:&quot;&quot;,&quot;focal_length&quot;:&quot;0&quot;,&quot;iso&quot;:&quot;0&quot;,&quot;shutter_speed&quot;:&quot;0&quot;,&quot;title&quot;:&quot;&quot;,&quot;orientation&quot;:&quot;0&quot;}\" data-image-title=\"WhatsApp-Image-2021-04-23-at-12.35.26\" data-image-description=\"\" data-image-caption=\"\" data-large-file=\"https:\/\/eldiariodesanpedro.com.ar\/sitio\/wp-content\/uploads\/2021\/04\/WhatsApp-Image-2021-04-23-at-12.35.26-723x1024.jpeg\" data-src=\"https:\/\/eldiariodesanpedro.com.ar\/sitio\/wp-content\/uploads\/2021\/04\/WhatsApp-Image-2021-04-23-at-12.35.26-723x1024.jpeg\" alt=\"\" class=\"wp-image-91354 lazyload\" data-srcset=\"https:\/\/eldiariodesanpedro.com.ar\/sitio\/wp-content\/uploads\/2021\/04\/WhatsApp-Image-2021-04-23-at-12.35.26-723x1024.jpeg 723w, https:\/\/eldiariodesanpedro.com.ar\/sitio\/wp-content\/uploads\/2021\/04\/WhatsApp-Image-2021-04-23-at-12.35.26-212x300.jpeg 212w, https:\/\/eldiariodesanpedro.com.ar\/sitio\/wp-content\/uploads\/2021\/04\/WhatsApp-Image-2021-04-23-at-12.35.26-768x1087.jpeg 768w, https:\/\/eldiariodesanpedro.com.ar\/sitio\/wp-content\/uploads\/2021\/04\/WhatsApp-Image-2021-04-23-at-12.35.26.jpeg 904w\" data-sizes=\"(max-width: 723px) 100vw, 723px\" src=\"data:image\/svg+xml;base64,PHN2ZyB3aWR0aD0iMSIgaGVpZ2h0PSIxIiB4bWxucz0iaHR0cDovL3d3dy53My5vcmcvMjAwMC9zdmciPjwvc3ZnPg==\" style=\"--smush-placeholder-width: 723px; --smush-placeholder-aspect-ratio: 723\/1024;\" \/><\/figure>\n","protected":false},"excerpt":{"rendered":"<p>Inscripciones en cada una de las sedes donde se desarrolla la actividad en sus respectivos horarios. Las edades para participar de algunas de las actividades son: *Construcci\u00f3n de Instrumentos &#8211; Desde 8 a\u00f1os*Lengua de Se\u00f1as &#8211; Desde 20 a\u00f1os*Ritmos Urbanos &#8211; en el Club Am\u00e9rica &#8211; de 4 a 6 a\u00f1os*Ritmos Urbanos &#8211; en el [&hellip;]<\/p>\n","protected":false},"author":4,"featured_media":91355,"comment_status":"open","ping_status":"closed","sticky":false,"template":"","format":"standard","meta":{"om_disable_all_campaigns":false,"_jetpack_memberships_contains_paid_content":false,"footnotes":""},"categories":[101,2],"tags":[],"class_list":["post-91353","post","type-post","status-publish","format-standard","has-post-thumbnail","hentry","category-interes-general-locales","category-locales"],"aioseo_notices":[],"gutentor_comment":0,"jetpack_featured_media_url":"https:\/\/eldiariodesanpedro.com.ar\/sitio\/wp-content\/uploads\/2021\/04\/169731251_1417703145238823_3139965736103555778_n.jpg","jetpack_shortlink":"https:\/\/wp.me\/p6RhLt-nLr","jetpack_sharing_enabled":true,"_links":{"self":[{"href":"https:\/\/eldiariodesanpedro.com.ar\/sitio\/wp-json\/wp\/v2\/posts\/91353","targetHints":{"allow":["GET"]}}],"collection":[{"href":"https:\/\/eldiariodesanpedro.com.ar\/sitio\/wp-json\/wp\/v2\/posts"}],"about":[{"href":"https:\/\/eldiariodesanpedro.com.ar\/sitio\/wp-json\/wp\/v2\/types\/post"}],"author":[{"embeddable":true,"href":"https:\/\/eldiariodesanpedro.com.ar\/sitio\/wp-json\/wp\/v2\/users\/4"}],"replies":[{"embeddable":true,"href":"https:\/\/eldiariodesanpedro.com.ar\/sitio\/wp-json\/wp\/v2\/comments?post=91353"}],"version-history":[{"count":1,"href":"https:\/\/eldiariodesanpedro.com.ar\/sitio\/wp-json\/wp\/v2\/posts\/91353\/revisions"}],"predecessor-version":[{"id":91358,"href":"https:\/\/eldiariodesanpedro.com.ar\/sitio\/wp-json\/wp\/v2\/posts\/91353\/revisions\/91358"}],"wp:featuredmedia":[{"embeddable":true,"href":"https:\/\/eldiariodesanpedro.com.ar\/sitio\/wp-json\/wp\/v2\/media\/91355"}],"wp:attachment":[{"href":"https:\/\/eldiariodesanpedro.com.ar\/sitio\/wp-json\/wp\/v2\/media?parent=91353"}],"wp:term":[{"taxonomy":"category","embeddable":true,"href":"https:\/\/eldiariodesanpedro.com.ar\/sitio\/wp-json\/wp\/v2\/categories?post=91353"},{"taxonomy":"post_tag","embeddable":true,"href":"https:\/\/eldiariodesanpedro.com.ar\/sitio\/wp-json\/wp\/v2\/tags?post=91353"}],"curies":[{"name":"wp","href":"https:\/\/api.w.org\/{rel}","templated":true}]}}