{"id":91350,"date":"2021-04-24T11:11:02","date_gmt":"2021-04-24T14:11:02","guid":{"rendered":"https:\/\/eldiariodesanpedro.com.ar\/sitio\/?p=91350"},"modified":"2021-04-24T11:11:07","modified_gmt":"2021-04-24T14:11:07","slug":"en-un-accidente-de-transito-murio-el-ministro-mario-meoni","status":"publish","type":"post","link":"https:\/\/eldiariodesanpedro.com.ar\/sitio\/en-un-accidente-de-transito-murio-el-ministro-mario-meoni\/","title":{"rendered":"En un accidente de tr\u00e1nsito muri\u00f3 el ministro Mario Meoni"},"content":{"rendered":"<!-- VideographyWP Plugin Message: Automatic video embedding prevented by plugin options. -->\n\n<p>El exintendente de Jun\u00edn protagoniz\u00f3 un siniestro vial&nbsp;en la ruta 7, entre Carmen de Areco y San Andr\u00e9s de Giles y perdi\u00f3 la vida a los 56 a\u00f1os.&nbsp;<\/p>\n\n\n\n<p>El ministro de Transporte de la Naci\u00f3n y exintendente de Jun\u00edn,&nbsp;Mario Meoni, falleci\u00f3 en la noche del viernes tras protagonizar un accidente automovil\u00edstico en el kil\u00f3metro 112 de la ruta nacional 7, a la altura de San Andr\u00e9s de Giles.<\/p>\n\n\n\n<p>Meoni, de 56 a\u00f1os, viajaba solo y conduc\u00eda un auto Ford Mondeo, el veh\u00edculo oficial que usaba como funcionario.&nbsp;Si bien se tratar\u00e1n de determinar las causas del accidente, Meoni habr\u00eda perdido el control del veh\u00edculo, volc\u00f3 y qued\u00f3 atrapado dentro del habit\u00e1culo.&nbsp;<\/p>\n\n\n\n<p>El malogrado funcionario hab\u00eda estado en nuestra ciudad el \u00faltimo 16 de noviembre cuando junto al Intendente Municipal Cecilio Salazar y el Presidente del Consorcio Eliseo Almada&nbsp;firmaron&nbsp;un convenio para el desarrollo de una importante obra en el puerto de nuestra ciudad. D\u00edas despu\u00e9s, estuvo otra vez en San Pedro acompa\u00f1ando al Presidente Alberto Fern\u00e1ndez en el acto por el D\u00eda de la Soberan\u00eda.<\/p>\n\n\n\n<p>El dirigente del Frente Renovador, que hab\u00eda surgido de las filas del radicalismo y fue&nbsp;intendente de Jun\u00edn entre 2003 y 2015. Hab\u00eda asumido la titularidad del Ministerio de Transporte de la naci\u00f3n el 10 de diciembre de 2019, cuando lleg\u00f3 al gobierno Alberto Fern\u00e1ndez.&nbsp;<\/p>\n\n\n\n<p>Fuente: <a href=\"https:\/\/www.sanpedroinforma.com.ar\/nota\/124147\/interes-general\/en-un-accidente-de-transito-murio-el-ministro-mario-meoni.html\">San Pedro informa<\/a><\/p>\n","protected":false},"excerpt":{"rendered":"<p>El exintendente de Jun\u00edn protagoniz\u00f3 un siniestro vial&nbsp;en la ruta 7, entre Carmen de Areco y San Andr\u00e9s de Giles y perdi\u00f3 la vida a los 56 a\u00f1os.&nbsp; El ministro de Transporte de la Naci\u00f3n y exintendente de Jun\u00edn,&nbsp;Mario Meoni, falleci\u00f3 en la noche del viernes tras protagonizar un accidente automovil\u00edstico en el kil\u00f3metro 112 [&hellip;]<\/p>\n","protected":false},"author":4,"featured_media":91351,"comment_status":"open","ping_status":"closed","sticky":false,"template":"","format":"standard","meta":{"om_disable_all_campaigns":false,"_jetpack_memberships_contains_paid_content":false,"footnotes":""},"categories":[50,101,2],"tags":[],"class_list":["post-91350","post","type-post","status-publish","format-standard","has-post-thumbnail","hentry","category-destacadas","category-interes-general-locales","category-locales"],"aioseo_notices":[],"gutentor_comment":0,"jetpack_featured_media_url":"https:\/\/eldiariodesanpedro.com.ar\/sitio\/wp-content\/uploads\/2021\/04\/000091107.jpg","jetpack_shortlink":"https:\/\/wp.me\/p6RhLt-nLo","jetpack_sharing_enabled":true,"_links":{"self":[{"href":"https:\/\/eldiariodesanpedro.com.ar\/sitio\/wp-json\/wp\/v2\/posts\/91350","targetHints":{"allow":["GET"]}}],"collection":[{"href":"https:\/\/eldiariodesanpedro.com.ar\/sitio\/wp-json\/wp\/v2\/posts"}],"about":[{"href":"https:\/\/eldiariodesanpedro.com.ar\/sitio\/wp-json\/wp\/v2\/types\/post"}],"author":[{"embeddable":true,"href":"https:\/\/eldiariodesanpedro.com.ar\/sitio\/wp-json\/wp\/v2\/users\/4"}],"replies":[{"embeddable":true,"href":"https:\/\/eldiariodesanpedro.com.ar\/sitio\/wp-json\/wp\/v2\/comments?post=91350"}],"version-history":[{"count":1,"href":"https:\/\/eldiariodesanpedro.com.ar\/sitio\/wp-json\/wp\/v2\/posts\/91350\/revisions"}],"predecessor-version":[{"id":91352,"href":"https:\/\/eldiariodesanpedro.com.ar\/sitio\/wp-json\/wp\/v2\/posts\/91350\/revisions\/91352"}],"wp:featuredmedia":[{"embeddable":true,"href":"https:\/\/eldiariodesanpedro.com.ar\/sitio\/wp-json\/wp\/v2\/media\/91351"}],"wp:attachment":[{"href":"https:\/\/eldiariodesanpedro.com.ar\/sitio\/wp-json\/wp\/v2\/media?parent=91350"}],"wp:term":[{"taxonomy":"category","embeddable":true,"href":"https:\/\/eldiariodesanpedro.com.ar\/sitio\/wp-json\/wp\/v2\/categories?post=91350"},{"taxonomy":"post_tag","embeddable":true,"href":"https:\/\/eldiariodesanpedro.com.ar\/sitio\/wp-json\/wp\/v2\/tags?post=91350"}],"curies":[{"name":"wp","href":"https:\/\/api.w.org\/{rel}","templated":true}]}}