{"id":91348,"date":"2021-04-23T19:43:03","date_gmt":"2021-04-23T22:43:03","guid":{"rendered":"https:\/\/eldiariodesanpedro.com.ar\/sitio\/?p=91348"},"modified":"2021-04-23T19:43:09","modified_gmt":"2021-04-23T22:43:09","slug":"edicto-de-sucesion-de-ferioli-ruben-mario","status":"publish","type":"post","link":"https:\/\/eldiariodesanpedro.com.ar\/sitio\/edicto-de-sucesion-de-ferioli-ruben-mario\/","title":{"rendered":"Edicto de Sucesi\u00f3n de Ferioli Rub\u00e9n Mario"},"content":{"rendered":"<!-- VideographyWP Plugin Message: Automatic video embedding prevented by plugin options. -->\n\n<p>El Juzgado de Paz letrado de San Pedro del Departamento Judicial de San Nicol\u00e1s, cita y emplaza por el plazo de 30 d\u00edas a herederos y acreedores de <strong>Ferioli Rub\u00e9n Mario<\/strong>.-\u00a0 <strong>San Pedro, 23 de ABRIL de 2021.-<\/strong><\/p>\n\n\n\n<p><strong>DR. FACUNDO VELLON<\/strong><br><strong>ABOGADO SECRETARIO<\/strong><\/p>\n","protected":false},"excerpt":{"rendered":"<p>El Juzgado de Paz letrado de San Pedro del Departamento Judicial de San Nicol\u00e1s, cita y emplaza por el plazo de 30 d\u00edas a herederos y acreedores de Ferioli Rub\u00e9n Mario.-\u00a0 San Pedro, 23 de ABRIL de 2021.- DR. FACUNDO VELLONABOGADO SECRETARIO<\/p>\n","protected":false},"author":4,"featured_media":81115,"comment_status":"open","ping_status":"closed","sticky":false,"template":"","format":"standard","meta":{"om_disable_all_campaigns":false,"_jetpack_memberships_contains_paid_content":false,"footnotes":""},"categories":[676,677],"tags":[],"class_list":["post-91348","post","type-post","status-publish","format-standard","has-post-thumbnail","hentry","category-edictos","category-edictos-sucesorios"],"aioseo_notices":[],"gutentor_comment":0,"jetpack_featured_media_url":"https:\/\/eldiariodesanpedro.com.ar\/sitio\/wp-content\/uploads\/2020\/09\/Poder-Judicial.jpg","jetpack_shortlink":"https:\/\/wp.me\/p6RhLt-nLm","jetpack_sharing_enabled":true,"_links":{"self":[{"href":"https:\/\/eldiariodesanpedro.com.ar\/sitio\/wp-json\/wp\/v2\/posts\/91348","targetHints":{"allow":["GET"]}}],"collection":[{"href":"https:\/\/eldiariodesanpedro.com.ar\/sitio\/wp-json\/wp\/v2\/posts"}],"about":[{"href":"https:\/\/eldiariodesanpedro.com.ar\/sitio\/wp-json\/wp\/v2\/types\/post"}],"author":[{"embeddable":true,"href":"https:\/\/eldiariodesanpedro.com.ar\/sitio\/wp-json\/wp\/v2\/users\/4"}],"replies":[{"embeddable":true,"href":"https:\/\/eldiariodesanpedro.com.ar\/sitio\/wp-json\/wp\/v2\/comments?post=91348"}],"version-history":[{"count":1,"href":"https:\/\/eldiariodesanpedro.com.ar\/sitio\/wp-json\/wp\/v2\/posts\/91348\/revisions"}],"predecessor-version":[{"id":91349,"href":"https:\/\/eldiariodesanpedro.com.ar\/sitio\/wp-json\/wp\/v2\/posts\/91348\/revisions\/91349"}],"wp:featuredmedia":[{"embeddable":true,"href":"https:\/\/eldiariodesanpedro.com.ar\/sitio\/wp-json\/wp\/v2\/media\/81115"}],"wp:attachment":[{"href":"https:\/\/eldiariodesanpedro.com.ar\/sitio\/wp-json\/wp\/v2\/media?parent=91348"}],"wp:term":[{"taxonomy":"category","embeddable":true,"href":"https:\/\/eldiariodesanpedro.com.ar\/sitio\/wp-json\/wp\/v2\/categories?post=91348"},{"taxonomy":"post_tag","embeddable":true,"href":"https:\/\/eldiariodesanpedro.com.ar\/sitio\/wp-json\/wp\/v2\/tags?post=91348"}],"curies":[{"name":"wp","href":"https:\/\/api.w.org\/{rel}","templated":true}]}}