{"id":91342,"date":"2021-04-23T10:52:16","date_gmt":"2021-04-23T13:52:16","guid":{"rendered":"https:\/\/eldiariodesanpedro.com.ar\/sitio\/?p=91342"},"modified":"2021-04-23T10:52:22","modified_gmt":"2021-04-23T13:52:22","slug":"gollan-hay-pequenos-indicios-que-se-esta-desacelerando-la-curva-de-contagios-en-la-provincia","status":"publish","type":"post","link":"https:\/\/eldiariodesanpedro.com.ar\/sitio\/gollan-hay-pequenos-indicios-que-se-esta-desacelerando-la-curva-de-contagios-en-la-provincia\/","title":{"rendered":"Gollan: \u00abHay peque\u00f1os indicios que se est\u00e1 desacelerando la curva de contagios en la provincia\u00bb"},"content":{"rendered":"<!-- VideographyWP Plugin Message: Automatic video embedding prevented by plugin options. -->\n\n<p>El ministro de salud bonaerense, Daniel Gollan, afirm\u00f3 que hay \u00abpeque\u00f1os indicios\u00bb que marcan que se est\u00e1 desacelerando la curva de contagios de la segunda ola coronavirus en la provincia de Buenos Aires, para lo cual tom\u00f3 diferentes par\u00e1metros.<\/p>\n\n\n\n<p>\u00abHay peque\u00f1os indicios de que se est\u00e1 desacelerando la curva de contagios, el primero es la disminuci\u00f3n de los llamados a la l\u00ednea 148, otro es el ritmo de crecimiento que empez\u00f3 a disminuir. De 67 por ciento que ten\u00edamos hace dos semanas pasamos a un 17 por ciento en las dos \u00faltimas y tambi\u00e9n baj\u00f3 la demanda de hisopados\u00bb, sostuvo el funcionario al canal Am\u00e9rica.<\/p>\n\n\n\n<p>En este sentido, puntualiz\u00f3 que la foto que tenemos hoy \u00abes la de hace 15 d\u00edas\u00bb, y se\u00f1al\u00f3 que el resultado de las medidas que se tomaron \u00abvan a verse en tres o cuatro d\u00edas m\u00e1s\u00bb. En ese sentido, justific\u00f3 la modalidad virtual de las clases en que las clases presenciales \u00absignifican una movilizaci\u00f3n de cinco millones de personas en el conurbano\u00bb.<\/p>\n\n\n\n<p>\u00abLas escuelas abiertas en los municipios del conurbano implica hoy una movilizaci\u00f3n de cinco millones de personas\u00bb, dijo, y destac\u00f3 que los chicos \u00abs\u00f3lo se est\u00e1n perdiendo cinco d\u00edas de clases presenciales\u00bb, aunque asegur\u00f3 que \u00abtodos deseamos que el 30 de abril\u00bb se levante esta restricci\u00f3n.<\/p>\n\n\n\n<p>\u00abRecorrimos para tomar esta decisi\u00f3n la experiencia en otros pa\u00edses. Israel cerr\u00f3 y abri\u00f3 varias veces las escuelas, en la provincia de Buenos Aires hay 93 municipios que siguen con la presencialidad\u00bb, asegur\u00f3 Gollan.<\/p>\n\n\n\n<p>El ministro marc\u00f3 diferencias con la Ciudad de Buenos Aires: \u00abA nivel de equipos t\u00e9cnicos nos llevamos muy bien y nos ponemos de acuerdo, pero cuando llega la hora de comunicar pol\u00edticamente la Ciudad act\u00faa distinto\u00bb, dijo, y asegur\u00f3 que \u00abcuando desde la Ciudad aseguraron que ten\u00edan un 60 por ciento de camas disponibles no lo pod\u00edamos creer\u00bb.<\/p>\n\n\n\n<p>Subray\u00f3 adem\u00e1s que \u00abla radiograf\u00eda es lo que vimos ayer cuando las empresas de medicina prepaga dijeron que no pod\u00edan recibir mas pacientes, hoy aunque pagues no ten\u00e9s asegurada una cama, la medida que sac\u00f3 hoy el gobierno de la Ciudad es la misma que sac\u00f3 la provincia de Buenos Aires hace unos d\u00edas\u00bb.<\/p>\n\n\n\n<p>Gollan advirti\u00f3 que \u00abahora el virus afecta m\u00e1s a los mayores de 50 a\u00f1os con comorbilidades. Este virus en la segunda ola es m\u00e1s agresivo\u00bb, por lo cual \u00abnecesitamos m\u00e1s vacunas y empezar a vacunar a grupos de 50, porque est\u00e1n entrando a terapia casos muy graves de esa edad\u00bb.<\/p>\n","protected":false},"excerpt":{"rendered":"<p>El ministro de salud bonaerense, Daniel Gollan, afirm\u00f3 que hay \u00abpeque\u00f1os indicios\u00bb que marcan que se est\u00e1 desacelerando la curva de contagios de la segunda ola coronavirus en la provincia de Buenos Aires, para lo cual tom\u00f3 diferentes par\u00e1metros. \u00abHay peque\u00f1os indicios de que se est\u00e1 desacelerando la curva de contagios, el primero es la [&hellip;]<\/p>\n","protected":false},"author":4,"featured_media":91343,"comment_status":"open","ping_status":"closed","sticky":false,"template":"","format":"standard","meta":{"om_disable_all_campaigns":false,"_jetpack_memberships_contains_paid_content":false,"footnotes":""},"categories":[621],"tags":[],"class_list":["post-91342","post","type-post","status-publish","format-standard","has-post-thumbnail","hentry","category-regionales"],"aioseo_notices":[],"gutentor_comment":0,"jetpack_featured_media_url":"https:\/\/eldiariodesanpedro.com.ar\/sitio\/wp-content\/uploads\/2021\/04\/Daniel-Gollan-e1568985344447_658x400.jpg","jetpack_shortlink":"https:\/\/wp.me\/p6RhLt-nLg","jetpack_sharing_enabled":true,"_links":{"self":[{"href":"https:\/\/eldiariodesanpedro.com.ar\/sitio\/wp-json\/wp\/v2\/posts\/91342","targetHints":{"allow":["GET"]}}],"collection":[{"href":"https:\/\/eldiariodesanpedro.com.ar\/sitio\/wp-json\/wp\/v2\/posts"}],"about":[{"href":"https:\/\/eldiariodesanpedro.com.ar\/sitio\/wp-json\/wp\/v2\/types\/post"}],"author":[{"embeddable":true,"href":"https:\/\/eldiariodesanpedro.com.ar\/sitio\/wp-json\/wp\/v2\/users\/4"}],"replies":[{"embeddable":true,"href":"https:\/\/eldiariodesanpedro.com.ar\/sitio\/wp-json\/wp\/v2\/comments?post=91342"}],"version-history":[{"count":1,"href":"https:\/\/eldiariodesanpedro.com.ar\/sitio\/wp-json\/wp\/v2\/posts\/91342\/revisions"}],"predecessor-version":[{"id":91344,"href":"https:\/\/eldiariodesanpedro.com.ar\/sitio\/wp-json\/wp\/v2\/posts\/91342\/revisions\/91344"}],"wp:featuredmedia":[{"embeddable":true,"href":"https:\/\/eldiariodesanpedro.com.ar\/sitio\/wp-json\/wp\/v2\/media\/91343"}],"wp:attachment":[{"href":"https:\/\/eldiariodesanpedro.com.ar\/sitio\/wp-json\/wp\/v2\/media?parent=91342"}],"wp:term":[{"taxonomy":"category","embeddable":true,"href":"https:\/\/eldiariodesanpedro.com.ar\/sitio\/wp-json\/wp\/v2\/categories?post=91342"},{"taxonomy":"post_tag","embeddable":true,"href":"https:\/\/eldiariodesanpedro.com.ar\/sitio\/wp-json\/wp\/v2\/tags?post=91342"}],"curies":[{"name":"wp","href":"https:\/\/api.w.org\/{rel}","templated":true}]}}