{"id":91339,"date":"2021-04-23T10:48:33","date_gmt":"2021-04-23T13:48:33","guid":{"rendered":"https:\/\/eldiariodesanpedro.com.ar\/sitio\/?p=91339"},"modified":"2021-04-23T10:48:36","modified_gmt":"2021-04-23T13:48:36","slug":"la-afip-anuncio-beneficios-para-monotributistas","status":"publish","type":"post","link":"https:\/\/eldiariodesanpedro.com.ar\/sitio\/la-afip-anuncio-beneficios-para-monotributistas\/","title":{"rendered":"La AFIP anunci\u00f3 beneficios para monotributistas"},"content":{"rendered":"<!-- VideographyWP Plugin Message: Automatic video embedding prevented by plugin options. -->\n\n<p><strong>La Administraci\u00f3n Federal de Ingresos P\u00fablicos (AFIP)<\/strong>&nbsp;estableci\u00f3 que&nbsp;<strong>ning\u00fan monotributista ser\u00e1 dado de baja de oficio del r\u00e9gimen por la falta de pago<\/strong>&nbsp;de sus obligaciones&nbsp;<strong>durante abril<\/strong>, a trav\u00e9s de la&nbsp;<strong>resoluci\u00f3n general 4973\/2021<\/strong>&nbsp;publicada este viernes en el Bolet\u00edn Oficial.<\/p>\n\n\n\n<p>El organismo tambi\u00e9n suspendi\u00f3 las exclusiones correspondientes a abril y todo otro proceso sist\u00e9mico vinculado al encuadre y categorizaci\u00f3n de los peque\u00f1os contribuyentes.<\/p>\n\n\n\n<p><strong>Los beneficios se extienden como parte del proceso de reglamentaci\u00f3n de las modificaciones previstas en el R\u00e9gimen de Sostenimiento e Inclusi\u00f3n Fiscal para Peque\u00f1os Contribuyentes aprobado por el Congreso.<\/strong><\/p>\n\n\n\n<p>Los cambios introducidos por la Ley 27.618 alivian la carga de los contribuyentes que son excluidos del r\u00e9gimen simplificado, genera un puente entre este r\u00e9gimen y el general, y resuelve el problema transitorio de actualizaci\u00f3n del monotributo durante 2020 como consecuencia de la suspensi\u00f3n del \u00edndice de movilidad previsional subsanando cualquier inconveniente referido a las recategorizaciones de manera autom\u00e1tica.<\/p>\n\n\n\n<p>La resoluci\u00f3n general garantiza que ning\u00fan monotributista sea dado de baja de oficio del r\u00e9gimen por falta de pago ni sea excluido mientras se perfeccionan los cambios introducidos en el r\u00e9gimen.<br>La resoluci\u00f3n general 4973\/2021 fue publicada este viernes en el Bolet\u00edn Oficial.<\/p>\n\n\n\n<p>La ley estableci\u00f3 que la AFIP ser\u00e1 la encargada, por \u00fanica vez, de volver a categorizar a los peque\u00f1os contribuyentes adheridos al R\u00e9gimen Simplificado, aun cuando esa adhesi\u00f3n hubiese ocurrido a partir del 1 de enero de 2021, en la categor\u00eda que les corresponda, considerando los valores de los par\u00e1metros de ingresos brutos y alquileres devengados que resulten de la actualizaci\u00f3n que se efect\u00fae y la informaci\u00f3n oportunamente declarada por los peque\u00f1os contribuyentes.<\/p>\n\n\n\n<p>Los peque\u00f1os contribuyentes adheridos al R\u00e9gimen Simplificado podr\u00e1n solicitar la modificaci\u00f3n de la referida nueva categor\u00eda.<\/p>\n\n\n\n<p>La falta de manifestaci\u00f3n expresa implicar\u00e1 su ratificaci\u00f3n.<\/p>\n\n\n\n<p>La norma dispone que el pago fuera de t\u00e9rmino del importe en concepto de impuesto integrado y de las cotizaciones previsionales, correspondiente a las cuotas del R\u00e9gimen Simplificado cuyo vencimiento hubiera operado entre el 1 de enero de 2021 y el mes inmediato anterior al de la nueva categorizaci\u00f3n, no dar\u00e1 lugar a intereses resarcitorios.<\/p>\n","protected":false},"excerpt":{"rendered":"<p>La Administraci\u00f3n Federal de Ingresos P\u00fablicos (AFIP)&nbsp;estableci\u00f3 que&nbsp;ning\u00fan monotributista ser\u00e1 dado de baja de oficio del r\u00e9gimen por la falta de pago&nbsp;de sus obligaciones&nbsp;durante abril, a trav\u00e9s de la&nbsp;resoluci\u00f3n general 4973\/2021&nbsp;publicada este viernes en el Bolet\u00edn Oficial. El organismo tambi\u00e9n suspendi\u00f3 las exclusiones correspondientes a abril y todo otro proceso sist\u00e9mico vinculado al encuadre y [&hellip;]<\/p>\n","protected":false},"author":4,"featured_media":91340,"comment_status":"open","ping_status":"closed","sticky":false,"template":"","format":"standard","meta":{"om_disable_all_campaigns":false,"_jetpack_memberships_contains_paid_content":false,"footnotes":""},"categories":[621],"tags":[],"class_list":["post-91339","post","type-post","status-publish","format-standard","has-post-thumbnail","hentry","category-regionales"],"aioseo_notices":[],"gutentor_comment":0,"jetpack_featured_media_url":"https:\/\/eldiariodesanpedro.com.ar\/sitio\/wp-content\/uploads\/2021\/04\/5a13ffb24eb51_1004x565.jpg","jetpack_shortlink":"https:\/\/wp.me\/p6RhLt-nLd","jetpack_sharing_enabled":true,"_links":{"self":[{"href":"https:\/\/eldiariodesanpedro.com.ar\/sitio\/wp-json\/wp\/v2\/posts\/91339","targetHints":{"allow":["GET"]}}],"collection":[{"href":"https:\/\/eldiariodesanpedro.com.ar\/sitio\/wp-json\/wp\/v2\/posts"}],"about":[{"href":"https:\/\/eldiariodesanpedro.com.ar\/sitio\/wp-json\/wp\/v2\/types\/post"}],"author":[{"embeddable":true,"href":"https:\/\/eldiariodesanpedro.com.ar\/sitio\/wp-json\/wp\/v2\/users\/4"}],"replies":[{"embeddable":true,"href":"https:\/\/eldiariodesanpedro.com.ar\/sitio\/wp-json\/wp\/v2\/comments?post=91339"}],"version-history":[{"count":1,"href":"https:\/\/eldiariodesanpedro.com.ar\/sitio\/wp-json\/wp\/v2\/posts\/91339\/revisions"}],"predecessor-version":[{"id":91341,"href":"https:\/\/eldiariodesanpedro.com.ar\/sitio\/wp-json\/wp\/v2\/posts\/91339\/revisions\/91341"}],"wp:featuredmedia":[{"embeddable":true,"href":"https:\/\/eldiariodesanpedro.com.ar\/sitio\/wp-json\/wp\/v2\/media\/91340"}],"wp:attachment":[{"href":"https:\/\/eldiariodesanpedro.com.ar\/sitio\/wp-json\/wp\/v2\/media?parent=91339"}],"wp:term":[{"taxonomy":"category","embeddable":true,"href":"https:\/\/eldiariodesanpedro.com.ar\/sitio\/wp-json\/wp\/v2\/categories?post=91339"},{"taxonomy":"post_tag","embeddable":true,"href":"https:\/\/eldiariodesanpedro.com.ar\/sitio\/wp-json\/wp\/v2\/tags?post=91339"}],"curies":[{"name":"wp","href":"https:\/\/api.w.org\/{rel}","templated":true}]}}