{"id":91334,"date":"2021-04-23T10:32:26","date_gmt":"2021-04-23T13:32:26","guid":{"rendered":"https:\/\/eldiariodesanpedro.com.ar\/sitio\/?p=91334"},"modified":"2021-04-23T10:32:32","modified_gmt":"2021-04-23T13:32:32","slug":"dos-aprehendidos-por-tenencia-de-estupefacientes-6","status":"publish","type":"post","link":"https:\/\/eldiariodesanpedro.com.ar\/sitio\/dos-aprehendidos-por-tenencia-de-estupefacientes-6\/","title":{"rendered":"Dos aprehendidos por tenencia de estupefacientes"},"content":{"rendered":"<!-- VideographyWP Plugin Message: Automatic video embedding prevented by plugin options. -->\n\n<p>Este jueves el personal policial de la comisar\u00eda local, traslad\u00f3 a sede policial a dos masculinos mayores de edad, a quienes se les secuestr\u00f3 en su poder sustancia marihuana \u00ednfimo pesaje. Se iniciaron actuaciones por el delito de tenencia ilegal de estupefacientes, con intervenci\u00f3n fiscal\u00eda local\u00a0\u00a0\u00a0<\/p>\n","protected":false},"excerpt":{"rendered":"<p>Este jueves el personal policial de la comisar\u00eda local, traslad\u00f3 a sede policial a dos masculinos mayores de edad, a quienes se les secuestr\u00f3 en su poder sustancia marihuana \u00ednfimo pesaje. Se iniciaron actuaciones por el delito de tenencia ilegal de estupefacientes, con intervenci\u00f3n fiscal\u00eda local\u00a0\u00a0\u00a0<\/p>\n","protected":false},"author":4,"featured_media":80111,"comment_status":"open","ping_status":"closed","sticky":false,"template":"","format":"standard","meta":{"om_disable_all_campaigns":false,"_jetpack_memberships_contains_paid_content":false,"footnotes":""},"categories":[2,103],"tags":[],"class_list":["post-91334","post","type-post","status-publish","format-standard","has-post-thumbnail","hentry","category-locales","category-policiales-locales"],"aioseo_notices":[],"gutentor_comment":0,"jetpack_featured_media_url":"https:\/\/eldiariodesanpedro.com.ar\/sitio\/wp-content\/uploads\/2020\/08\/WhatsApp-Image-2020-08-27-at-10.57.10-1.jpeg","jetpack_shortlink":"https:\/\/wp.me\/p6RhLt-nL8","jetpack_sharing_enabled":true,"_links":{"self":[{"href":"https:\/\/eldiariodesanpedro.com.ar\/sitio\/wp-json\/wp\/v2\/posts\/91334","targetHints":{"allow":["GET"]}}],"collection":[{"href":"https:\/\/eldiariodesanpedro.com.ar\/sitio\/wp-json\/wp\/v2\/posts"}],"about":[{"href":"https:\/\/eldiariodesanpedro.com.ar\/sitio\/wp-json\/wp\/v2\/types\/post"}],"author":[{"embeddable":true,"href":"https:\/\/eldiariodesanpedro.com.ar\/sitio\/wp-json\/wp\/v2\/users\/4"}],"replies":[{"embeddable":true,"href":"https:\/\/eldiariodesanpedro.com.ar\/sitio\/wp-json\/wp\/v2\/comments?post=91334"}],"version-history":[{"count":1,"href":"https:\/\/eldiariodesanpedro.com.ar\/sitio\/wp-json\/wp\/v2\/posts\/91334\/revisions"}],"predecessor-version":[{"id":91335,"href":"https:\/\/eldiariodesanpedro.com.ar\/sitio\/wp-json\/wp\/v2\/posts\/91334\/revisions\/91335"}],"wp:featuredmedia":[{"embeddable":true,"href":"https:\/\/eldiariodesanpedro.com.ar\/sitio\/wp-json\/wp\/v2\/media\/80111"}],"wp:attachment":[{"href":"https:\/\/eldiariodesanpedro.com.ar\/sitio\/wp-json\/wp\/v2\/media?parent=91334"}],"wp:term":[{"taxonomy":"category","embeddable":true,"href":"https:\/\/eldiariodesanpedro.com.ar\/sitio\/wp-json\/wp\/v2\/categories?post=91334"},{"taxonomy":"post_tag","embeddable":true,"href":"https:\/\/eldiariodesanpedro.com.ar\/sitio\/wp-json\/wp\/v2\/tags?post=91334"}],"curies":[{"name":"wp","href":"https:\/\/api.w.org\/{rel}","templated":true}]}}