{"id":91332,"date":"2021-04-23T10:28:29","date_gmt":"2021-04-23T13:28:29","guid":{"rendered":"https:\/\/eldiariodesanpedro.com.ar\/sitio\/?p=91332"},"modified":"2021-04-23T10:28:33","modified_gmt":"2021-04-23T13:28:33","slug":"una-mujer-denuncio-haber-sido-golpeada-por-otras-tres","status":"publish","type":"post","link":"https:\/\/eldiariodesanpedro.com.ar\/sitio\/una-mujer-denuncio-haber-sido-golpeada-por-otras-tres\/","title":{"rendered":"Una mujer denuncio haber sido golpeada por otras tres"},"content":{"rendered":"<!-- VideographyWP Plugin Message: Automatic video embedding prevented by plugin options. -->\n\n<p>En la jornada de este jueves en horas de la tarde una mujer denunci\u00f3 en la comisar\u00eda local haber sido golpeada por tres mujeres.<\/p>\n\n\n\n<p>El hecho ocurri\u00f3 el d\u00eda de ayer en horas de la tarde cuando una mujer de 28 a\u00f1os de edad se encontraba en la salita de primeros auxilios \u201cPrimero de Mayo\u201d donde es sorprendida por otras tres mujeres que reconoce quienes la agredieron f\u00edsicamente lesionandola.<\/p>\n\n\n\n<p>La joven realiz\u00f3 la correspondiente y se determin\u00f3 que las lesiones son de car\u00e1cter leves.<\/p>\n","protected":false},"excerpt":{"rendered":"<p>En la jornada de este jueves en horas de la tarde una mujer denunci\u00f3 en la comisar\u00eda local haber sido golpeada por tres mujeres. El hecho ocurri\u00f3 el d\u00eda de ayer en horas de la tarde cuando una mujer de 28 a\u00f1os de edad se encontraba en la salita de primeros auxilios \u201cPrimero de Mayo\u201d [&hellip;]<\/p>\n","protected":false},"author":4,"featured_media":45394,"comment_status":"open","ping_status":"closed","sticky":false,"template":"","format":"standard","meta":{"om_disable_all_campaigns":false,"_jetpack_memberships_contains_paid_content":false,"footnotes":""},"categories":[2,103],"tags":[],"class_list":["post-91332","post","type-post","status-publish","format-standard","has-post-thumbnail","hentry","category-locales","category-policiales-locales"],"aioseo_notices":[],"gutentor_comment":0,"jetpack_featured_media_url":"https:\/\/eldiariodesanpedro.com.ar\/sitio\/wp-content\/uploads\/2019\/01\/comisaria.jpg","jetpack_shortlink":"https:\/\/wp.me\/p6RhLt-nL6","jetpack_sharing_enabled":true,"_links":{"self":[{"href":"https:\/\/eldiariodesanpedro.com.ar\/sitio\/wp-json\/wp\/v2\/posts\/91332","targetHints":{"allow":["GET"]}}],"collection":[{"href":"https:\/\/eldiariodesanpedro.com.ar\/sitio\/wp-json\/wp\/v2\/posts"}],"about":[{"href":"https:\/\/eldiariodesanpedro.com.ar\/sitio\/wp-json\/wp\/v2\/types\/post"}],"author":[{"embeddable":true,"href":"https:\/\/eldiariodesanpedro.com.ar\/sitio\/wp-json\/wp\/v2\/users\/4"}],"replies":[{"embeddable":true,"href":"https:\/\/eldiariodesanpedro.com.ar\/sitio\/wp-json\/wp\/v2\/comments?post=91332"}],"version-history":[{"count":1,"href":"https:\/\/eldiariodesanpedro.com.ar\/sitio\/wp-json\/wp\/v2\/posts\/91332\/revisions"}],"predecessor-version":[{"id":91333,"href":"https:\/\/eldiariodesanpedro.com.ar\/sitio\/wp-json\/wp\/v2\/posts\/91332\/revisions\/91333"}],"wp:featuredmedia":[{"embeddable":true,"href":"https:\/\/eldiariodesanpedro.com.ar\/sitio\/wp-json\/wp\/v2\/media\/45394"}],"wp:attachment":[{"href":"https:\/\/eldiariodesanpedro.com.ar\/sitio\/wp-json\/wp\/v2\/media?parent=91332"}],"wp:term":[{"taxonomy":"category","embeddable":true,"href":"https:\/\/eldiariodesanpedro.com.ar\/sitio\/wp-json\/wp\/v2\/categories?post=91332"},{"taxonomy":"post_tag","embeddable":true,"href":"https:\/\/eldiariodesanpedro.com.ar\/sitio\/wp-json\/wp\/v2\/tags?post=91332"}],"curies":[{"name":"wp","href":"https:\/\/api.w.org\/{rel}","templated":true}]}}