{"id":91327,"date":"2021-04-22T20:34:42","date_gmt":"2021-04-22T23:34:42","guid":{"rendered":"https:\/\/eldiariodesanpedro.com.ar\/sitio\/?p=91327"},"modified":"2021-04-22T20:34:46","modified_gmt":"2021-04-22T23:34:46","slug":"reunion-en-el-ministerio-de-salud-por-el-proyecto-de-cannabis-medicinal-y-seguimiento-de-la-pandemia","status":"publish","type":"post","link":"https:\/\/eldiariodesanpedro.com.ar\/sitio\/reunion-en-el-ministerio-de-salud-por-el-proyecto-de-cannabis-medicinal-y-seguimiento-de-la-pandemia\/","title":{"rendered":"Reuni\u00f3n en el Ministerio de Salud por el proyecto de cannabis medicinal y seguimiento de la Pandemia"},"content":{"rendered":"<!-- VideographyWP Plugin Message: Automatic video embedding prevented by plugin options. -->\n\n<p>En el Ministerio de Salud de la Naci\u00f3n, el Intendente Cecilio Salazar y el Secretario de Salud Dr. Daniel Creus se reunieron esta tarde con el Subsecretario de Medicamentos e Informaci\u00f3n Estrat\u00e9gica Bioqu\u00edmico Gast\u00f3n Moran.<\/p>\n\n\n\n<p>Luego de recientes reuniones realizadas con el INTA San Pedro y representantes del laboratorio con el que se suscribi\u00f3 el acuerdo para la investigaci\u00f3n sobre Cannabis Medicinal, se present\u00f3 nueva documentaci\u00f3n necesaria para arribar a la autorizaci\u00f3n que debe otorgar el ministerio, para poner en marcha esta iniciativa que viene impulsando el Intendente Salazar desde hace tiempo.<\/p>\n\n\n\n<p>El encuentro fue propicio para abordar temas relacionados a la situaci\u00f3n actual de la Pandemia de Covid-19 y la posibilidad de contar con recursos estrat\u00e9gicos.<\/p>\n\n\n\n<p>En un momento tan particular, fue muy importante tener acceso a un encuentro presencial con una de las principales autoridades del ministerio para analizar la situaci\u00f3n epidemiol\u00f3gica de San Pedro y la manera en la que se ha venido transitando la emergencia sanitaria.<\/p>\n\n\n\n<p>El funcionario que forma parte del gabinete del ministerio que conduce Carla Vizzotti se comprometi\u00f3 a darle r\u00e1pido tratamiento a la documentaci\u00f3n presentada para respaldar el proyecto de Cannabis Medicinal y la continuidad de la pol\u00edtica de recuperaci\u00f3n de la infraestructura p\u00fablica local, tal como viene ocurriendo en los \u00faltimos a\u00f1os.<\/p>\n","protected":false},"excerpt":{"rendered":"<p>En el Ministerio de Salud de la Naci\u00f3n, el Intendente Cecilio Salazar y el Secretario de Salud Dr. Daniel Creus se reunieron esta tarde con el Subsecretario de Medicamentos e Informaci\u00f3n Estrat\u00e9gica Bioqu\u00edmico Gast\u00f3n Moran. Luego de recientes reuniones realizadas con el INTA San Pedro y representantes del laboratorio con el que se suscribi\u00f3 el [&hellip;]<\/p>\n","protected":false},"author":4,"featured_media":91328,"comment_status":"open","ping_status":"closed","sticky":false,"template":"","format":"standard","meta":{"om_disable_all_campaigns":false,"_jetpack_memberships_contains_paid_content":false,"footnotes":""},"categories":[50,101,2],"tags":[],"class_list":["post-91327","post","type-post","status-publish","format-standard","has-post-thumbnail","hentry","category-destacadas","category-interes-general-locales","category-locales"],"aioseo_notices":[],"gutentor_comment":0,"jetpack_featured_media_url":"https:\/\/eldiariodesanpedro.com.ar\/sitio\/wp-content\/uploads\/2021\/04\/WhatsApp-Image-2021-04-22-at-20.27.16.jpeg","jetpack_shortlink":"https:\/\/wp.me\/p6RhLt-nL1","jetpack_sharing_enabled":true,"_links":{"self":[{"href":"https:\/\/eldiariodesanpedro.com.ar\/sitio\/wp-json\/wp\/v2\/posts\/91327","targetHints":{"allow":["GET"]}}],"collection":[{"href":"https:\/\/eldiariodesanpedro.com.ar\/sitio\/wp-json\/wp\/v2\/posts"}],"about":[{"href":"https:\/\/eldiariodesanpedro.com.ar\/sitio\/wp-json\/wp\/v2\/types\/post"}],"author":[{"embeddable":true,"href":"https:\/\/eldiariodesanpedro.com.ar\/sitio\/wp-json\/wp\/v2\/users\/4"}],"replies":[{"embeddable":true,"href":"https:\/\/eldiariodesanpedro.com.ar\/sitio\/wp-json\/wp\/v2\/comments?post=91327"}],"version-history":[{"count":1,"href":"https:\/\/eldiariodesanpedro.com.ar\/sitio\/wp-json\/wp\/v2\/posts\/91327\/revisions"}],"predecessor-version":[{"id":91329,"href":"https:\/\/eldiariodesanpedro.com.ar\/sitio\/wp-json\/wp\/v2\/posts\/91327\/revisions\/91329"}],"wp:featuredmedia":[{"embeddable":true,"href":"https:\/\/eldiariodesanpedro.com.ar\/sitio\/wp-json\/wp\/v2\/media\/91328"}],"wp:attachment":[{"href":"https:\/\/eldiariodesanpedro.com.ar\/sitio\/wp-json\/wp\/v2\/media?parent=91327"}],"wp:term":[{"taxonomy":"category","embeddable":true,"href":"https:\/\/eldiariodesanpedro.com.ar\/sitio\/wp-json\/wp\/v2\/categories?post=91327"},{"taxonomy":"post_tag","embeddable":true,"href":"https:\/\/eldiariodesanpedro.com.ar\/sitio\/wp-json\/wp\/v2\/tags?post=91327"}],"curies":[{"name":"wp","href":"https:\/\/api.w.org\/{rel}","templated":true}]}}