{"id":91322,"date":"2021-04-22T20:30:00","date_gmt":"2021-04-22T23:30:00","guid":{"rendered":"https:\/\/eldiariodesanpedro.com.ar\/sitio\/?p=91322"},"modified":"2021-04-22T20:30:05","modified_gmt":"2021-04-22T23:30:05","slug":"empresa-lider-del-sector-salud-con-presencia-en-todo-el-pais-seleccionara-personal","status":"publish","type":"post","link":"https:\/\/eldiariodesanpedro.com.ar\/sitio\/empresa-lider-del-sector-salud-con-presencia-en-todo-el-pais-seleccionara-personal\/","title":{"rendered":"Empresa l\u00edder del sector Salud con presencia en todo el Pa\u00eds seleccionara personal"},"content":{"rendered":"<!-- VideographyWP Plugin Message: Automatic video embedding prevented by plugin options. -->\n\n<p>Empresa l\u00edder del sector Salud con presencia en todo el Pa\u00eds seleccionara:<\/p>\n\n\n\n<p><strong>Profesional de ventas\u00a0 para el sector m\u00e9dico\/hospitalario<\/strong><br>&#8211; Zona San Pedro, San Nicol\u00e1s, Zarate, Campana y zonas de influencia.<br>&#8211; Con experiencia en ventas a Instituciones de Salud p\u00fablicas\u00a0 y privadas, conocimiento del sector y canales de venta en hospitales y cl\u00ednicas.<br>&#8211; Perfil profesional proactivo, con habilidades de negociaci\u00f3n y comunicaci\u00f3n.<br>&#8211; Excelentes condiciones de contrataci\u00f3n.<\/p>\n\n\n\n<p>Interesados enviar CV a\u00a0<a rel=\"noreferrer noopener\" href=\"mailto:ejecutivohospitalario2021@gmail.com\" target=\"_blank\">ejecutivohospitalario2021@gmail.com<\/a><\/p>\n","protected":false},"excerpt":{"rendered":"<p>Empresa l\u00edder del sector Salud con presencia en todo el Pa\u00eds seleccionara: Profesional de ventas\u00a0 para el sector m\u00e9dico\/hospitalario&#8211; Zona San Pedro, San Nicol\u00e1s, Zarate, Campana y zonas de influencia.&#8211; Con experiencia en ventas a Instituciones de Salud p\u00fablicas\u00a0 y privadas, conocimiento del sector y canales de venta en hospitales y cl\u00ednicas.&#8211; Perfil profesional proactivo, [&hellip;]<\/p>\n","protected":false},"author":4,"featured_media":91323,"comment_status":"open","ping_status":"closed","sticky":false,"template":"","format":"standard","meta":{"om_disable_all_campaigns":false,"_jetpack_memberships_contains_paid_content":false,"footnotes":""},"categories":[101,2],"tags":[],"class_list":["post-91322","post","type-post","status-publish","format-standard","has-post-thumbnail","hentry","category-interes-general-locales","category-locales"],"aioseo_notices":[],"gutentor_comment":0,"jetpack_featured_media_url":"https:\/\/eldiariodesanpedro.com.ar\/sitio\/wp-content\/uploads\/2021\/04\/Oportunidad-Laboral.jpg","jetpack_shortlink":"https:\/\/wp.me\/p6RhLt-nKW","jetpack_sharing_enabled":true,"_links":{"self":[{"href":"https:\/\/eldiariodesanpedro.com.ar\/sitio\/wp-json\/wp\/v2\/posts\/91322","targetHints":{"allow":["GET"]}}],"collection":[{"href":"https:\/\/eldiariodesanpedro.com.ar\/sitio\/wp-json\/wp\/v2\/posts"}],"about":[{"href":"https:\/\/eldiariodesanpedro.com.ar\/sitio\/wp-json\/wp\/v2\/types\/post"}],"author":[{"embeddable":true,"href":"https:\/\/eldiariodesanpedro.com.ar\/sitio\/wp-json\/wp\/v2\/users\/4"}],"replies":[{"embeddable":true,"href":"https:\/\/eldiariodesanpedro.com.ar\/sitio\/wp-json\/wp\/v2\/comments?post=91322"}],"version-history":[{"count":1,"href":"https:\/\/eldiariodesanpedro.com.ar\/sitio\/wp-json\/wp\/v2\/posts\/91322\/revisions"}],"predecessor-version":[{"id":91324,"href":"https:\/\/eldiariodesanpedro.com.ar\/sitio\/wp-json\/wp\/v2\/posts\/91322\/revisions\/91324"}],"wp:featuredmedia":[{"embeddable":true,"href":"https:\/\/eldiariodesanpedro.com.ar\/sitio\/wp-json\/wp\/v2\/media\/91323"}],"wp:attachment":[{"href":"https:\/\/eldiariodesanpedro.com.ar\/sitio\/wp-json\/wp\/v2\/media?parent=91322"}],"wp:term":[{"taxonomy":"category","embeddable":true,"href":"https:\/\/eldiariodesanpedro.com.ar\/sitio\/wp-json\/wp\/v2\/categories?post=91322"},{"taxonomy":"post_tag","embeddable":true,"href":"https:\/\/eldiariodesanpedro.com.ar\/sitio\/wp-json\/wp\/v2\/tags?post=91322"}],"curies":[{"name":"wp","href":"https:\/\/api.w.org\/{rel}","templated":true}]}}