{"id":91319,"date":"2021-04-22T20:22:34","date_gmt":"2021-04-22T23:22:34","guid":{"rendered":"https:\/\/eldiariodesanpedro.com.ar\/sitio\/?p=91319"},"modified":"2021-04-22T20:22:39","modified_gmt":"2021-04-22T23:22:39","slug":"baradero-el-abusador-sanpedrino-aprovecho-la-confianza-con-la-victima","status":"publish","type":"post","link":"https:\/\/eldiariodesanpedro.com.ar\/sitio\/baradero-el-abusador-sanpedrino-aprovecho-la-confianza-con-la-victima\/","title":{"rendered":"BARADERO | El abusador sanpedrino aprovecho la confianza con la victima"},"content":{"rendered":"<!-- VideographyWP Plugin Message: Automatic video embedding prevented by plugin options. -->\n\n<p>Interviene el servicio local para la contenci\u00f3n de la menor abusada y su familia.<br>El martes, fue detenido en San Pedro, el acusado de 60 a\u00f1os quien es hermanastro de la madre.<\/p>\n\n\n\n<p>Luis Tobares, Director de Pol\u00edticas de Familia, nos inform\u00f3 en\u00a0<strong>Fm Tiempo<\/strong>, sobre el tratamiento que se le dio al caso y la ayuda que se le brind\u00f3 a la v\u00edctima y su familia de parte del equipo municipal:<br><em>\u00abNos lleg\u00f3 la causa la semana pasada y estuvimos asesorando para hacer la denuncia y acompa\u00f1ar a la familia.\u00bb<\/em><br><em>\u00abFue un abuso intrafamiliar, es una persona cercana a la madre de la v\u00edctima que se hab\u00eda ganado la confianza de la menor.\u00bb<\/em><br><em>\u00abUna vez que sucede el acto, viene la amenaza para que no se cuente y como toda causa y situaciones similares, hay chicos que nunca pueden contarlo.\u00bb<\/em><br><em>\u00abLa escuela fue un aliado estrat\u00e9gico fundamental en todo esto, porque all\u00ed es donde la v\u00edctima pudo exteriorizarlo.\u00bb<\/em><br><em>\u00abLuego de las pericias m\u00e9dicas fue m\u00e1s r\u00e1pido la actuaci\u00f3n judicial.\u00bb<\/em><br><em>\u00abEs importante que los padres crean y se tenga la confianza para que los chicos puedan contar todo lo que les pasa.\u00bb<\/em><br><em>\u00abQue sepan que no est\u00e1n desprotegidos y que estamos para ayudar, asesorar y acompa\u00f1ar.\u00bb<\/em><\/p>\n","protected":false},"excerpt":{"rendered":"<p>Interviene el servicio local para la contenci\u00f3n de la menor abusada y su familia.El martes, fue detenido en San Pedro, el acusado de 60 a\u00f1os quien es hermanastro de la madre. Luis Tobares, Director de Pol\u00edticas de Familia, nos inform\u00f3 en\u00a0Fm Tiempo, sobre el tratamiento que se le dio al caso y la ayuda que [&hellip;]<\/p>\n","protected":false},"author":4,"featured_media":91320,"comment_status":"open","ping_status":"closed","sticky":false,"template":"","format":"standard","meta":{"om_disable_all_campaigns":false,"_jetpack_memberships_contains_paid_content":false,"footnotes":""},"categories":[621],"tags":[],"class_list":["post-91319","post","type-post","status-publish","format-standard","has-post-thumbnail","hentry","category-regionales"],"aioseo_notices":[],"gutentor_comment":0,"jetpack_featured_media_url":"https:\/\/eldiariodesanpedro.com.ar\/sitio\/wp-content\/uploads\/2021\/04\/policia-comunal-de-baradero.png","jetpack_shortlink":"https:\/\/wp.me\/p6RhLt-nKT","jetpack_sharing_enabled":true,"_links":{"self":[{"href":"https:\/\/eldiariodesanpedro.com.ar\/sitio\/wp-json\/wp\/v2\/posts\/91319","targetHints":{"allow":["GET"]}}],"collection":[{"href":"https:\/\/eldiariodesanpedro.com.ar\/sitio\/wp-json\/wp\/v2\/posts"}],"about":[{"href":"https:\/\/eldiariodesanpedro.com.ar\/sitio\/wp-json\/wp\/v2\/types\/post"}],"author":[{"embeddable":true,"href":"https:\/\/eldiariodesanpedro.com.ar\/sitio\/wp-json\/wp\/v2\/users\/4"}],"replies":[{"embeddable":true,"href":"https:\/\/eldiariodesanpedro.com.ar\/sitio\/wp-json\/wp\/v2\/comments?post=91319"}],"version-history":[{"count":1,"href":"https:\/\/eldiariodesanpedro.com.ar\/sitio\/wp-json\/wp\/v2\/posts\/91319\/revisions"}],"predecessor-version":[{"id":91321,"href":"https:\/\/eldiariodesanpedro.com.ar\/sitio\/wp-json\/wp\/v2\/posts\/91319\/revisions\/91321"}],"wp:featuredmedia":[{"embeddable":true,"href":"https:\/\/eldiariodesanpedro.com.ar\/sitio\/wp-json\/wp\/v2\/media\/91320"}],"wp:attachment":[{"href":"https:\/\/eldiariodesanpedro.com.ar\/sitio\/wp-json\/wp\/v2\/media?parent=91319"}],"wp:term":[{"taxonomy":"category","embeddable":true,"href":"https:\/\/eldiariodesanpedro.com.ar\/sitio\/wp-json\/wp\/v2\/categories?post=91319"},{"taxonomy":"post_tag","embeddable":true,"href":"https:\/\/eldiariodesanpedro.com.ar\/sitio\/wp-json\/wp\/v2\/tags?post=91319"}],"curies":[{"name":"wp","href":"https:\/\/api.w.org\/{rel}","templated":true}]}}