{"id":91316,"date":"2021-04-22T20:12:46","date_gmt":"2021-04-22T23:12:46","guid":{"rendered":"https:\/\/eldiariodesanpedro.com.ar\/sitio\/?p=91316"},"modified":"2021-04-22T20:12:52","modified_gmt":"2021-04-22T23:12:52","slug":"san-nicolas-el-covid-no-discrimina-un-nino-de-13-anos-internado-en-terapia-en-el-san-felipe","status":"publish","type":"post","link":"https:\/\/eldiariodesanpedro.com.ar\/sitio\/san-nicolas-el-covid-no-discrimina-un-nino-de-13-anos-internado-en-terapia-en-el-san-felipe\/","title":{"rendered":"SAN NICOL\u00c1S | El covid no discrimina, un ni\u00f1o de 13 a\u00f1os internado en terapia en el San Felipe"},"content":{"rendered":"<!-- VideographyWP Plugin Message: Automatic video embedding prevented by plugin options. -->\n\n<p>Un ni\u00f1o de 13 se encuentra internado en la Unidad de Terapia Intensiva del Hospital San Felipe debido a que contrajo&nbsp; covid-19. En principio se le diagnostic\u00f3 una neumon\u00eda que fue el motivo de su internaci\u00f3n y posteriormente se pudo corroborar que hab\u00eda contra\u00eddo covid.&nbsp;<\/p>\n\n\n\n<p>Debido al estado grave que presentaba su salud , la familia del joven hab\u00eda solicitado que la sociedad se uniera en una cadena de oraci\u00f3n para ayudar a su recuperaci\u00f3n.<\/p>\n\n\n\n<p>Este caso demuestra claramente que que el covid no discrimina por edad ni ideolog\u00eda y que avanza sobre la vida de las personas mas all\u00e1 de cualquier condici\u00f3n.<\/p>\n\n\n\n<p><strong>Para tener en cuenta, los casos de ni\u00f1os en Brasil<\/strong><br><em>Un a\u00f1o despu\u00e9s de la declaratoria de la pandemia del coronavirus, las muertes en Brasil se encuentran en su punto m\u00e1ximo.<\/em><br><em>Sin embargo, a pesar de la abundante\u00a0evidencia\u00a0de que la covid-19 rara vez mata a ni\u00f1os peque\u00f1os, en la naci\u00f3n sudamericana han fallecido m\u00e1s de 800 menores por esa enfermedad, seg\u00fan cifras oficiales. Y esas cifras pueden ser mayores, de acuerdo a estudios.<\/em><br><em>Uno de esos casos tiene que ver con el hijo de 1 a\u00f1o de la profesora Jessika Ricarte, al que un m\u00e9dico se neg\u00f3 a realizar una prueba bajo el argumento de que sus s\u00edntomas no se ajustaban al perfil del\u00a0<strong>coronavirus<\/strong>.<\/em><br><em>Dos meses despu\u00e9s, el menor muri\u00f3 por complicaciones asociadas con la enfermedad. Sucedi\u00f3 en Tamboril, una ciudad en el estado de Cear\u00e1, en el noreste de Brasil.<\/em> <em>Fuente BBC<\/em><\/p>\n\n\n\n<p>Fuente: <a href=\"https:\/\/sannicolasnews.com\/el-covid-no-discrimina-un-nino-de-13-anos-internado-en-terapia-en-el-san-felipe\/\">San Nicol\u00e1s News<\/a><\/p>\n\n\n\n<p><a href=\"https:\/\/sannicolasnews.com\/vecinos-de-zona-sur-se-reunieron-con-concejales-por-diferentes-inquietudes\/\"><\/a><\/p>\n","protected":false},"excerpt":{"rendered":"<p>Un ni\u00f1o de 13 se encuentra internado en la Unidad de Terapia Intensiva del Hospital San Felipe debido a que contrajo&nbsp; covid-19. En principio se le diagnostic\u00f3 una neumon\u00eda que fue el motivo de su internaci\u00f3n y posteriormente se pudo corroborar que hab\u00eda contra\u00eddo covid.&nbsp; Debido al estado grave que presentaba su salud , la [&hellip;]<\/p>\n","protected":false},"author":4,"featured_media":91317,"comment_status":"open","ping_status":"closed","sticky":false,"template":"","format":"standard","meta":{"om_disable_all_campaigns":false,"_jetpack_memberships_contains_paid_content":false,"footnotes":""},"categories":[621],"tags":[],"class_list":["post-91316","post","type-post","status-publish","format-standard","has-post-thumbnail","hentry","category-regionales"],"aioseo_notices":[],"gutentor_comment":0,"jetpack_featured_media_url":"https:\/\/eldiariodesanpedro.com.ar\/sitio\/wp-content\/uploads\/2021\/04\/no_bcpwpj974lbqwgr0001_188939036_20210422_095053_0000.png","jetpack_shortlink":"https:\/\/wp.me\/p6RhLt-nKQ","jetpack_sharing_enabled":true,"_links":{"self":[{"href":"https:\/\/eldiariodesanpedro.com.ar\/sitio\/wp-json\/wp\/v2\/posts\/91316","targetHints":{"allow":["GET"]}}],"collection":[{"href":"https:\/\/eldiariodesanpedro.com.ar\/sitio\/wp-json\/wp\/v2\/posts"}],"about":[{"href":"https:\/\/eldiariodesanpedro.com.ar\/sitio\/wp-json\/wp\/v2\/types\/post"}],"author":[{"embeddable":true,"href":"https:\/\/eldiariodesanpedro.com.ar\/sitio\/wp-json\/wp\/v2\/users\/4"}],"replies":[{"embeddable":true,"href":"https:\/\/eldiariodesanpedro.com.ar\/sitio\/wp-json\/wp\/v2\/comments?post=91316"}],"version-history":[{"count":1,"href":"https:\/\/eldiariodesanpedro.com.ar\/sitio\/wp-json\/wp\/v2\/posts\/91316\/revisions"}],"predecessor-version":[{"id":91318,"href":"https:\/\/eldiariodesanpedro.com.ar\/sitio\/wp-json\/wp\/v2\/posts\/91316\/revisions\/91318"}],"wp:featuredmedia":[{"embeddable":true,"href":"https:\/\/eldiariodesanpedro.com.ar\/sitio\/wp-json\/wp\/v2\/media\/91317"}],"wp:attachment":[{"href":"https:\/\/eldiariodesanpedro.com.ar\/sitio\/wp-json\/wp\/v2\/media?parent=91316"}],"wp:term":[{"taxonomy":"category","embeddable":true,"href":"https:\/\/eldiariodesanpedro.com.ar\/sitio\/wp-json\/wp\/v2\/categories?post=91316"},{"taxonomy":"post_tag","embeddable":true,"href":"https:\/\/eldiariodesanpedro.com.ar\/sitio\/wp-json\/wp\/v2\/tags?post=91316"}],"curies":[{"name":"wp","href":"https:\/\/api.w.org\/{rel}","templated":true}]}}