{"id":91312,"date":"2021-04-22T20:04:10","date_gmt":"2021-04-22T23:04:10","guid":{"rendered":"https:\/\/eldiariodesanpedro.com.ar\/sitio\/?p=91312"},"modified":"2021-04-22T20:04:14","modified_gmt":"2021-04-22T23:04:14","slug":"san-nicolas-le-disparo-a-la-policia","status":"publish","type":"post","link":"https:\/\/eldiariodesanpedro.com.ar\/sitio\/san-nicolas-le-disparo-a-la-policia\/","title":{"rendered":"SAN NICOL\u00c1S | Le disparo a la polic\u00eda"},"content":{"rendered":"<!-- VideographyWP Plugin Message: Automatic video embedding prevented by plugin options. -->\n\n<p>A ra\u00edz de un llamado al 911, personal del Comando de Patrullas San Nicol\u00e1s se acerc\u00f3 a las intersecciones de las calles Chiclana y Mart\u00ednez en donde, tras una breve persecuci\u00f3n y del interior de una finca, se procedi\u00f3 a la aprehensi\u00f3n de un menor de 17 a\u00f1os quien momentos antes habr\u00eda estado efectuando disparos de arma de fuego y al ver el arribo del m\u00f3vil, efectu\u00f3 disparos dirigidos hacia donde se encontraba la comitiva policial, sin lesionar ni impactar en ning\u00fan lado.<\/p>\n\n\n\n<p>Los efectivos procedieron al secuestro del arma siendo est\u00e1 un rifle de aire comprimido sin marca ni numeraci\u00f3n visible modificado en el interior de su tubo ca\u00f1\u00f3n, el cual en su rec\u00e1mara se encontraba alojada una vaina servida de calibre 22. El menor fue trasladado a sede del C.A.D.<\/p>\n\n\n\n<p>Fuente: <a href=\"https:\/\/diarioelnorte.com.ar\/le-disparo-a-la-policia\/\">Diario El Norte<\/a><\/p>\n","protected":false},"excerpt":{"rendered":"<p>A ra\u00edz de un llamado al 911, personal del Comando de Patrullas San Nicol\u00e1s se acerc\u00f3 a las intersecciones de las calles Chiclana y Mart\u00ednez en donde, tras una breve persecuci\u00f3n y del interior de una finca, se procedi\u00f3 a la aprehensi\u00f3n de un menor de 17 a\u00f1os quien momentos antes habr\u00eda estado efectuando disparos [&hellip;]<\/p>\n","protected":false},"author":4,"featured_media":91314,"comment_status":"open","ping_status":"closed","sticky":false,"template":"","format":"standard","meta":{"om_disable_all_campaigns":false,"_jetpack_memberships_contains_paid_content":false,"footnotes":""},"categories":[621],"tags":[],"class_list":["post-91312","post","type-post","status-publish","format-standard","has-post-thumbnail","hentry","category-regionales"],"aioseo_notices":[],"gutentor_comment":0,"jetpack_featured_media_url":"https:\/\/eldiariodesanpedro.com.ar\/sitio\/wp-content\/uploads\/2021\/04\/Sin-titulo-2-3.jpg","jetpack_shortlink":"https:\/\/wp.me\/p6RhLt-nKM","jetpack_sharing_enabled":true,"_links":{"self":[{"href":"https:\/\/eldiariodesanpedro.com.ar\/sitio\/wp-json\/wp\/v2\/posts\/91312","targetHints":{"allow":["GET"]}}],"collection":[{"href":"https:\/\/eldiariodesanpedro.com.ar\/sitio\/wp-json\/wp\/v2\/posts"}],"about":[{"href":"https:\/\/eldiariodesanpedro.com.ar\/sitio\/wp-json\/wp\/v2\/types\/post"}],"author":[{"embeddable":true,"href":"https:\/\/eldiariodesanpedro.com.ar\/sitio\/wp-json\/wp\/v2\/users\/4"}],"replies":[{"embeddable":true,"href":"https:\/\/eldiariodesanpedro.com.ar\/sitio\/wp-json\/wp\/v2\/comments?post=91312"}],"version-history":[{"count":1,"href":"https:\/\/eldiariodesanpedro.com.ar\/sitio\/wp-json\/wp\/v2\/posts\/91312\/revisions"}],"predecessor-version":[{"id":91315,"href":"https:\/\/eldiariodesanpedro.com.ar\/sitio\/wp-json\/wp\/v2\/posts\/91312\/revisions\/91315"}],"wp:featuredmedia":[{"embeddable":true,"href":"https:\/\/eldiariodesanpedro.com.ar\/sitio\/wp-json\/wp\/v2\/media\/91314"}],"wp:attachment":[{"href":"https:\/\/eldiariodesanpedro.com.ar\/sitio\/wp-json\/wp\/v2\/media?parent=91312"}],"wp:term":[{"taxonomy":"category","embeddable":true,"href":"https:\/\/eldiariodesanpedro.com.ar\/sitio\/wp-json\/wp\/v2\/categories?post=91312"},{"taxonomy":"post_tag","embeddable":true,"href":"https:\/\/eldiariodesanpedro.com.ar\/sitio\/wp-json\/wp\/v2\/tags?post=91312"}],"curies":[{"name":"wp","href":"https:\/\/api.w.org\/{rel}","templated":true}]}}