{"id":91309,"date":"2021-04-22T19:54:23","date_gmt":"2021-04-22T22:54:23","guid":{"rendered":"https:\/\/eldiariodesanpedro.com.ar\/sitio\/?p=91309"},"modified":"2021-04-22T19:54:27","modified_gmt":"2021-04-22T22:54:27","slug":"campana-en-plena-pandemia-asi-se-viaja-en-el-transporte-publico-local","status":"publish","type":"post","link":"https:\/\/eldiariodesanpedro.com.ar\/sitio\/campana-en-plena-pandemia-asi-se-viaja-en-el-transporte-publico-local\/","title":{"rendered":"CAMPANA | En plena pandemia, as\u00ed se viaja en el transporte p\u00fablico local"},"content":{"rendered":"<!-- VideographyWP Plugin Message: Automatic video embedding prevented by plugin options. -->\n\n<p>Mientras avanza la segunda ola de COVID-19, una vecina del barrio San Cayetano comparti\u00f3 im\u00e1genes de la forma en la que viaja cuando lleva a su hija a la escuela. \u201cLa gente que va al hospital con s\u00edntomas tambi\u00e9n usa el trasporte p\u00fablico ya que no tiene otra forma&#8230; \u00bfy eso quien lo controla?\u201d indag\u00f3 en una dura carta al Intendente.<\/p>\n\n\n\n<p>Por m\u00e1s responsabilidad individual que se les exija a los ciudadanos, hay situaciones que exceden al momento de evitar contagiarse de COVID-19. A\u00fan m\u00e1s cuando la pandemia intensifica sus consecuencias en la denominada segunda ola, donde los casos se incrementan a diario.<\/p>\n\n\n\n<p>Las im\u00e1genes fueron compartidas por una vecina del barrio San Cayetano. Tomadas en el colectivo local, el cual utiliza para llevar a su hija a la escuela, todos los d\u00edas. \u201cYo entiendo que quiere que las clases sigan como yo tambi\u00e9n&#8230; pero entienda que no todas las madres tenemos auto para poder asegurar el bienestar de nuestros hijos. Las que viajamos en transporte p\u00fablico todos los d\u00edas pasamos por esto\u201d cuestion\u00f3 una vecina del mencionado barrio, en una carta destinada al Intendente Sebasti\u00e1n Abella y viralizada en las redes sociales.<\/p>\n\n\n\n<p>La pasajera cuestion\u00f3 al Jefe Comunal sobre los motivos por los que la l\u00ednea local realiza un recorrido interno por el barrio excesivo, \u201camontonando gente. \u00bfNo hay m\u00e1s transportes? \u00bfFaltan colectiveros? No entiendo. Encima, si les reclamas porque sube tantas personas, se te burlan. \u00bfSe piensan que porque somos de San Cayetano no tenemos derecho de reclamar?\u201d.<\/p>\n\n\n\n<p>M\u00f3nica, la vecina en cuesti\u00f3n, cuestion\u00f3 al Intendente y le solicit\u00f3 mayores medidas de resguardo para quienes viajan en colectivo. \u201cSu deber es darnos seguridad, se\u00f1or&#8230; no hay controles en ning\u00fan lado. La gente que va al hospital con s\u00edntomas, tambi\u00e9n usa el trasporte p\u00fablico ya que no tiene otra forma&#8230; \u00bfy eso quien lo controla? Piense un poco por favor, y vea la situaci\u00f3n\u201d.<\/p>\n\n\n\n<p>Por \u00faltimo, le pidi\u00f3 que \u201cpiense en los m\u00e1s vulnerables. No le estoy pidiendo que cierre las escuelas, pero s\u00ed que controle esto porque de otra forma vamos mal. Yo estaba a favor de la presencialidad, pero viendo c\u00f3mo vamos creo que voy a optar por lo virtual. Una pena, porque a mi hija le gusta ir a la escuela\u201d concluy\u00f3.<\/p>\n\n\n\n<p>Fuente: C<a href=\"https:\/\/www.campananoticias.com\/noticia\/67038\/en-plena-pandemia-as-se-viaja-en-el-transporte-pblico-local-\">ampana Noticias<\/a><\/p>\n","protected":false},"excerpt":{"rendered":"<p>Mientras avanza la segunda ola de COVID-19, una vecina del barrio San Cayetano comparti\u00f3 im\u00e1genes de la forma en la que viaja cuando lleva a su hija a la escuela. \u201cLa gente que va al hospital con s\u00edntomas tambi\u00e9n usa el trasporte p\u00fablico ya que no tiene otra forma&#8230; \u00bfy eso quien lo controla?\u201d indag\u00f3 [&hellip;]<\/p>\n","protected":false},"author":4,"featured_media":91310,"comment_status":"open","ping_status":"closed","sticky":false,"template":"","format":"standard","meta":{"om_disable_all_campaigns":false,"_jetpack_memberships_contains_paid_content":false,"footnotes":""},"categories":[621],"tags":[],"class_list":["post-91309","post","type-post","status-publish","format-standard","has-post-thumbnail","hentry","category-regionales"],"aioseo_notices":[],"gutentor_comment":0,"jetpack_featured_media_url":"https:\/\/eldiariodesanpedro.com.ar\/sitio\/wp-content\/uploads\/2021\/04\/20210421052255.jpg","jetpack_shortlink":"https:\/\/wp.me\/p6RhLt-nKJ","jetpack_sharing_enabled":true,"_links":{"self":[{"href":"https:\/\/eldiariodesanpedro.com.ar\/sitio\/wp-json\/wp\/v2\/posts\/91309","targetHints":{"allow":["GET"]}}],"collection":[{"href":"https:\/\/eldiariodesanpedro.com.ar\/sitio\/wp-json\/wp\/v2\/posts"}],"about":[{"href":"https:\/\/eldiariodesanpedro.com.ar\/sitio\/wp-json\/wp\/v2\/types\/post"}],"author":[{"embeddable":true,"href":"https:\/\/eldiariodesanpedro.com.ar\/sitio\/wp-json\/wp\/v2\/users\/4"}],"replies":[{"embeddable":true,"href":"https:\/\/eldiariodesanpedro.com.ar\/sitio\/wp-json\/wp\/v2\/comments?post=91309"}],"version-history":[{"count":1,"href":"https:\/\/eldiariodesanpedro.com.ar\/sitio\/wp-json\/wp\/v2\/posts\/91309\/revisions"}],"predecessor-version":[{"id":91311,"href":"https:\/\/eldiariodesanpedro.com.ar\/sitio\/wp-json\/wp\/v2\/posts\/91309\/revisions\/91311"}],"wp:featuredmedia":[{"embeddable":true,"href":"https:\/\/eldiariodesanpedro.com.ar\/sitio\/wp-json\/wp\/v2\/media\/91310"}],"wp:attachment":[{"href":"https:\/\/eldiariodesanpedro.com.ar\/sitio\/wp-json\/wp\/v2\/media?parent=91309"}],"wp:term":[{"taxonomy":"category","embeddable":true,"href":"https:\/\/eldiariodesanpedro.com.ar\/sitio\/wp-json\/wp\/v2\/categories?post=91309"},{"taxonomy":"post_tag","embeddable":true,"href":"https:\/\/eldiariodesanpedro.com.ar\/sitio\/wp-json\/wp\/v2\/tags?post=91309"}],"curies":[{"name":"wp","href":"https:\/\/api.w.org\/{rel}","templated":true}]}}