{"id":91306,"date":"2021-04-22T19:50:30","date_gmt":"2021-04-22T22:50:30","guid":{"rendered":"https:\/\/eldiariodesanpedro.com.ar\/sitio\/?p=91306"},"modified":"2021-04-22T19:50:34","modified_gmt":"2021-04-22T22:50:34","slug":"piden-que-los-presos-sean-incluidos-en-el-plan-de-vacunacion-contra-el-coronavirus","status":"publish","type":"post","link":"https:\/\/eldiariodesanpedro.com.ar\/sitio\/piden-que-los-presos-sean-incluidos-en-el-plan-de-vacunacion-contra-el-coronavirus\/","title":{"rendered":"Piden que los presos sean incluidos en el plan de vacunaci\u00f3n contra el coronavirus"},"content":{"rendered":"<!-- VideographyWP Plugin Message: Automatic video embedding prevented by plugin options. -->\n\n<h4 class=\"wp-block-heading\" id=\"title\">La Comisi\u00f3n por la Memoria (CPM) se\u00f1al\u00f3 que, en 2020, 28 de las 178 muertes en c\u00e1rceles fueron por Covid-19.<\/h4>\n\n\n\n<p>En 2020, 28 de las 178 muertes registradas en c\u00e1rceles dependientes del&nbsp;<a href=\"https:\/\/www.clarin.com\/tema\/servicio-penitenciario-bonaerense.html\" target=\"_blank\" rel=\"noreferrer noopener\">Servicio Penitenciario Bonaerense<\/a>&nbsp;(SPB) fueron por&nbsp;<a href=\"https:\/\/www.clarin.com\/tema\/coronavirus-en-argentina.html\" target=\"_blank\" rel=\"noreferrer noopener\">coronavirus<\/a>. Por eso, la Comisi\u00f3n Provincial por la Memoria (CPM), en su car\u00e1cter de mecanismo local de prevenci\u00f3n de la tortura, pidi\u00f3 a los ministerios de Justicia y Derechos Humanos y de Salud, como tambi\u00e9n a la Suprema Corte provincial, que se adopten \u201cmedidas urgentes\u201d para mitigar el impacto de la segunda ola. Entre ellas,&nbsp;<strong>la vacunaci\u00f3n de las personas detenidas<\/strong>.<\/p>\n\n\n\n<p>A principios de mes, hab\u00eda 44.584 personas alojadas en c\u00e1rceles bonaerenses. Las plazas penitenciarias existentes llegan a 20.804, lo que implica una superpoblaci\u00f3n del 114%. Pero, adem\u00e1s, hay cerca de 4.600 detenidos en comisar\u00edas.<\/p>\n\n\n\n<p>El impacto del coronavirus en las c\u00e1rceles tambi\u00e9n motiv\u00f3 una medida pol\u00e9mica el a\u00f1o pasado:&nbsp;<strong>la liberaci\u00f3n de presos<\/strong>, varios de los cuales volvieron a cometer delitos, entre ellos homicidios que conmocionaron a la opini\u00f3n p\u00fablica.<\/p>\n\n\n\n<p>De acuerdo a un informe publicado por&nbsp;<strong>Clar\u00edn&nbsp;<\/strong>el mes pasado,&nbsp;168 detenidos en el sistema carcelario bonaerense lograron acceder a la prisi\u00f3n domiciliaria favorecidos por el instrumento que en los Tribunales se conoci\u00f3 como \u201cfallo Violini\u201d.&nbsp;<strong>Hoy nadie los controla<\/strong>.<\/p>\n\n\n\n<p>En un comunicado, la CPM indic\u00f3 que \u201ccomo ya se reconoci\u00f3 el a\u00f1o pasado, las inhumanas condiciones de detenci\u00f3n, sobrepoblaci\u00f3n y hacinamiento extremo convierten a c\u00e1rceles y comisar\u00edas en espacios propicios para la diseminaci\u00f3n del virus\u201d.<\/p>\n\n\n\n<p>\u201cHoy las condiciones de vida son las mismas,&nbsp;<strong>los protocolos sanitarios no se cumplen de manera adecuada<\/strong>, los testeos casi inexistentes, el acceso a la salud es nulo o deficiente porque falta personal e insumos, y la vacunaci\u00f3n de la poblaci\u00f3n de riesgo en los lugares de encierro no se realiz\u00f3\u201d, a\u00f1adi\u00f3. El 3% de la poblaci\u00f3n carcelaria tiene m\u00e1s de 60 a\u00f1os.<\/p>\n\n\n\n<p>Mara (su nombre no es real) est\u00e1 alojada en la Unidad 33 de Los Hornos. Consultada por&nbsp;<strong>Clar\u00edn<\/strong>, dijo que \u201cvarias chicas est\u00e1n sacando h\u00e1beas corpus para que sus familias los presentan en los juzgados y&nbsp;<strong>nos hagan hisopados<\/strong>\u201c.<\/p>\n\n\n\n<p>\u201cEstamos con s\u00edntomas y como no hay lugar para internaci\u00f3n, nos medican con antibi\u00f3ticos. Pero queremos que nos mediquen como corresponde\u201d, asegur\u00f3.<\/p>\n\n\n\n<p>Seg\u00fan ella, en la Unidad 33 hay tres pabellones aislados y dos casos positivos, que estar\u00edan alojadas en los sectores conocidos como \u201cbuzones\u201d. En la Unidad 8, ubicada en el mismo predio que la 33, los pabellones aislados son 3. Y los casos positivos, 3. Tambi\u00e9n estar\u00edan en \u201cbuzones\u201d, apartados del resto de la poblaci\u00f3n.<\/p>\n\n\n\n<p>\u201cAc\u00e1 hay embarazadas, nenes, beb\u00e9s reci\u00e9n nacidos, pabellones aislados en los que viv\u00edan presas que dieron positivo y nadie nos hisopa, a pesar de que muchas tenemos s\u00edntomas\u201d, se quej\u00f3.<\/p>\n\n\n\n<p>Asimismo, remarc\u00f3: \u201cLa direcci\u00f3n permiti\u00f3 que ingresara su personal, para dar clases, talleres, deportes. Y&nbsp;<strong>ahora estamos varias con Covid<\/strong>. No nos protegieron, y ahora el ambiente est\u00e1 muy tenso. Hay gente con diabetes y todo tipo de enfermedades\u201d.<\/p>\n\n\n\n<p>La CPM tambi\u00e9n solicit\u00f3 a la Corte bonaerense que instruya a los jueces con el fin de revisar la situaci\u00f3n de las personas que se encuentran detenidas a su cargo, y son grupos de riesgo seg\u00fan las disposiciones de Ministerio de Salud, para las mujeres con hijos\/as alojados\/as con ellas y embarazadas y para personas mayores de 60 a\u00f1os en unidades penitenciarias, alcaid\u00edas o dependencias policiales.<\/p>\n\n\n\n<h4 class=\"wp-block-heading\">Liberados por Covid<\/h4>\n\n\n\n<p>En Justicia estiman que hay 25.000 ciudadanos que pasaron en los \u00faltimos cinco a\u00f1os por alguna de las 55 c\u00e1rceles bonaerenses y que recuperaron la libertad. S\u00f3lo en el primer trimestre de pandemia (marzo, abril y mayo de 2020) se dieron 9.158 altas. Esto incluye todos los motivos: cumplimiento de pena, excarcelaci\u00f3n extraordinaria, libertado condicional, salida transitoria, prisi\u00f3n domiciliaria.<\/p>\n\n\n\n<p>En abril -el mes del \u201cfallo Violini\u201d- fueron 3.067. En mayo, cuando la Corte puso l\u00edmite a los alcances del dictamen, fueron 2.516. Y en junio de 2020 salieron 2.351 personas que estuvieron en alg\u00fan pabell\u00f3n penitenciario.<\/p>\n\n\n\n<p>La resoluci\u00f3n del camarista argument\u00f3 \u201c<strong>razones humanitarias<\/strong>\u201c, cuando la pandemia comenzaba a invadir la Argentina. Se buscaba evitar el colapso sanitario en las unidades penitenciarias de Buenos Aires.<\/p>\n\n\n\n<p>El SPB, el ministerio de Justicia y el ministerio de Salud no tienen \u201cconsolidado\u201d el n\u00famero total de infectados entre los detenidos desde la llegada de la peste a la provincia.<\/p>\n\n\n\n<p>Datos extraoficiales contaban 220 en los primeros siete meses, hasta el pico de la primera ola de contagios en el pa\u00eds. Y otros 80 en el \u00faltimo trimestre de 2020 y los primeros meses de 2021.<\/p>\n\n\n\n<p>El primer caso positivo del pa\u00eds fue en la Unidad 23 de Florencio Varela. El 20 de abril de 2020 hubo una violenta protesta, ante el temor de que la pandemia se propagara intramuros. Todo termin\u00f3 con<strong>\u00a0un detenido muerto por el disparo de una guardiac\u00e1rcel<\/strong>. Federico Rey ten\u00eda 23 a\u00f1os.<\/p>\n\n\n\n<p>Fuente: Clarin<\/p>\n","protected":false},"excerpt":{"rendered":"<p>La Comisi\u00f3n por la Memoria (CPM) se\u00f1al\u00f3 que, en 2020, 28 de las 178 muertes en c\u00e1rceles fueron por Covid-19. En 2020, 28 de las 178 muertes registradas en c\u00e1rceles dependientes del&nbsp;Servicio Penitenciario Bonaerense&nbsp;(SPB) fueron por&nbsp;coronavirus. Por eso, la Comisi\u00f3n Provincial por la Memoria (CPM), en su car\u00e1cter de mecanismo local de prevenci\u00f3n de la [&hellip;]<\/p>\n","protected":false},"author":4,"featured_media":91307,"comment_status":"open","ping_status":"closed","sticky":false,"template":"","format":"standard","meta":{"om_disable_all_campaigns":false,"_jetpack_memberships_contains_paid_content":false,"footnotes":""},"categories":[621],"tags":[],"class_list":["post-91306","post","type-post","status-publish","format-standard","has-post-thumbnail","hentry","category-regionales"],"aioseo_notices":[],"gutentor_comment":0,"jetpack_featured_media_url":"https:\/\/eldiariodesanpedro.com.ar\/sitio\/wp-content\/uploads\/2021\/04\/protesta-de-reclusos-en-el___QaDQBlOQt_1256x620__3.jpg","jetpack_shortlink":"https:\/\/wp.me\/p6RhLt-nKG","jetpack_sharing_enabled":true,"_links":{"self":[{"href":"https:\/\/eldiariodesanpedro.com.ar\/sitio\/wp-json\/wp\/v2\/posts\/91306","targetHints":{"allow":["GET"]}}],"collection":[{"href":"https:\/\/eldiariodesanpedro.com.ar\/sitio\/wp-json\/wp\/v2\/posts"}],"about":[{"href":"https:\/\/eldiariodesanpedro.com.ar\/sitio\/wp-json\/wp\/v2\/types\/post"}],"author":[{"embeddable":true,"href":"https:\/\/eldiariodesanpedro.com.ar\/sitio\/wp-json\/wp\/v2\/users\/4"}],"replies":[{"embeddable":true,"href":"https:\/\/eldiariodesanpedro.com.ar\/sitio\/wp-json\/wp\/v2\/comments?post=91306"}],"version-history":[{"count":1,"href":"https:\/\/eldiariodesanpedro.com.ar\/sitio\/wp-json\/wp\/v2\/posts\/91306\/revisions"}],"predecessor-version":[{"id":91308,"href":"https:\/\/eldiariodesanpedro.com.ar\/sitio\/wp-json\/wp\/v2\/posts\/91306\/revisions\/91308"}],"wp:featuredmedia":[{"embeddable":true,"href":"https:\/\/eldiariodesanpedro.com.ar\/sitio\/wp-json\/wp\/v2\/media\/91307"}],"wp:attachment":[{"href":"https:\/\/eldiariodesanpedro.com.ar\/sitio\/wp-json\/wp\/v2\/media?parent=91306"}],"wp:term":[{"taxonomy":"category","embeddable":true,"href":"https:\/\/eldiariodesanpedro.com.ar\/sitio\/wp-json\/wp\/v2\/categories?post=91306"},{"taxonomy":"post_tag","embeddable":true,"href":"https:\/\/eldiariodesanpedro.com.ar\/sitio\/wp-json\/wp\/v2\/tags?post=91306"}],"curies":[{"name":"wp","href":"https:\/\/api.w.org\/{rel}","templated":true}]}}