{"id":91303,"date":"2021-04-22T19:33:37","date_gmt":"2021-04-22T22:33:37","guid":{"rendered":"https:\/\/eldiariodesanpedro.com.ar\/sitio\/?p=91303"},"modified":"2021-04-22T19:33:43","modified_gmt":"2021-04-22T22:33:43","slug":"vizzottilo-que-pase-despues-del-30-de-abril-dependera-de-la-cantidad-de-casos","status":"publish","type":"post","link":"https:\/\/eldiariodesanpedro.com.ar\/sitio\/vizzottilo-que-pase-despues-del-30-de-abril-dependera-de-la-cantidad-de-casos\/","title":{"rendered":"Vizzotti\u00bbLo que pase despu\u00e9s del 30 de abril depender\u00e1 de la cantidad de casos\u00bb"},"content":{"rendered":"<!-- VideographyWP Plugin Message: Automatic video embedding prevented by plugin options. -->\n\n<p>La ministra de Salud, Carla Vizzotti, alert\u00f3 sobre la situaci\u00f3n actual de la pandemia en la Argentina y especific\u00f3 que las medidas adoptadas son para bajar la cantidad de contagios y para \u00abresguardo sanitario y la falta de camas en terapia intensiva\u00bb. Adem\u00e1s, dijo que la continuidad de las restricciones depende de c\u00f3mo se comporta la curva.<\/p>\n\n\n\n<p>\u00abEstamos en el momento m\u00e1s dif\u00edcil de la pandemia\u00bb, remarc\u00f3 la titular de la cartera de Salud nacional en di\u00e1logo con Radio con Vos, y agreg\u00f3 que: \u00abNo podemos comparar los casos del a\u00f1o pasado con este porque son variables diferentes\u00bb.<\/p>\n\n\n\n<p>Sobre el conflicto por las clases presenciales y si hubo contradicciones entre el Presidente y algunos ministros, Vizzotti fue taxativa: \u00abla pol\u00e9mica nunca existi\u00f3 dentro del Gabinete, lo que dijimos es que si se cumplen los protocolos en las escuelas no hay riesgo de contagios, pero lo que creci\u00f3 es la circulaci\u00f3n y eso es lo que dice le DNU\u00bb.<\/p>\n\n\n\n<p>Al ser consultada sobre lo que suceder\u00e1 despu\u00e9s del 30 de abril con respecto a las medidas sanitarias, la funcionaria nacional manifest\u00f3: \u00abva a depender de la cantidad de casos. Si logramos ralentizar el n\u00famero de contagios y se termina la tensi\u00f3n en el sistema de salud, o por lo menos logramos que no siga aumentando, la idea es poder que acci\u00f3n de las medidas sea lo m\u00e1s corta posible, necesitamos ir analizando d\u00eda c\u00f3mo se comporta la curva, que no depende solo de las medidas sino de c\u00f3mo las hace cumplir cada jurisdicci\u00f3n\u00bb.<\/p>\n\n\n\n<p>\u00abNo es una medida separada de la otra. Todas las medidas que tomamos son en funci\u00f3n de que disminuya la curva de contagio\u00bb, aclar\u00f3 sobre la posibilidad de alguna flexibilizaci\u00f3n, y advirti\u00f3 que desde el Gobierno no desconocen el impacto econ\u00f3mico que tienen las medidas sanitarias.<\/p>\n\n\n\n<p>En cuanto a las nuevas variables de coronavirus que circulan, se\u00f1al\u00f3 que \u00abson m\u00e1s transmisibles en edades j\u00f3venes\u00bb, y que: \u00abpreocupa la llegada del invierno, donde no tenemos la expectativa que baje como en meses de noviembre y diciembre\u00bb.<\/p>\n\n\n\n<p>Sobre el pico de casos en las \u00faltimas semanas, aclar\u00f3 que: \u00abla suba de aumentos no tiene que ver espec\u00edficamente con Semana Santa, venimos advirtiendo el aumento antes de eso\u00bb<\/p>\n\n\n\n<p>\u00abTenemos la expectativa de bajar el n\u00famero de contagio, avanzar con la vacunaci\u00f3n y evitar la mortalidad\u00bb, a\u00f1adi\u00f3.<\/p>\n\n\n\n<p>En alusi\u00f3n al manejo de la cuesti\u00f3n sanitaria, Carla Vizzotti subray\u00f3: \u00abSi no entendemos que esto no lo eligi\u00f3 el Presidente, y que no hay un Presidente contento por tomar medidas como interrumpir la escolaridad ni bajar la circulaci\u00f3n, no vamos a poder solucionarlo\u00bb.<\/p>\n","protected":false},"excerpt":{"rendered":"<p>La ministra de Salud, Carla Vizzotti, alert\u00f3 sobre la situaci\u00f3n actual de la pandemia en la Argentina y especific\u00f3 que las medidas adoptadas son para bajar la cantidad de contagios y para \u00abresguardo sanitario y la falta de camas en terapia intensiva\u00bb. Adem\u00e1s, dijo que la continuidad de las restricciones depende de c\u00f3mo se comporta [&hellip;]<\/p>\n","protected":false},"author":4,"featured_media":91304,"comment_status":"open","ping_status":"closed","sticky":false,"template":"","format":"standard","meta":{"om_disable_all_campaigns":false,"_jetpack_memberships_contains_paid_content":false,"footnotes":""},"categories":[621],"tags":[],"class_list":["post-91303","post","type-post","status-publish","format-standard","has-post-thumbnail","hentry","category-regionales"],"aioseo_notices":[],"gutentor_comment":0,"jetpack_featured_media_url":"https:\/\/eldiariodesanpedro.com.ar\/sitio\/wp-content\/uploads\/2021\/04\/vizzoti.jpg","jetpack_shortlink":"https:\/\/wp.me\/p6RhLt-nKD","jetpack_sharing_enabled":true,"_links":{"self":[{"href":"https:\/\/eldiariodesanpedro.com.ar\/sitio\/wp-json\/wp\/v2\/posts\/91303","targetHints":{"allow":["GET"]}}],"collection":[{"href":"https:\/\/eldiariodesanpedro.com.ar\/sitio\/wp-json\/wp\/v2\/posts"}],"about":[{"href":"https:\/\/eldiariodesanpedro.com.ar\/sitio\/wp-json\/wp\/v2\/types\/post"}],"author":[{"embeddable":true,"href":"https:\/\/eldiariodesanpedro.com.ar\/sitio\/wp-json\/wp\/v2\/users\/4"}],"replies":[{"embeddable":true,"href":"https:\/\/eldiariodesanpedro.com.ar\/sitio\/wp-json\/wp\/v2\/comments?post=91303"}],"version-history":[{"count":1,"href":"https:\/\/eldiariodesanpedro.com.ar\/sitio\/wp-json\/wp\/v2\/posts\/91303\/revisions"}],"predecessor-version":[{"id":91305,"href":"https:\/\/eldiariodesanpedro.com.ar\/sitio\/wp-json\/wp\/v2\/posts\/91303\/revisions\/91305"}],"wp:featuredmedia":[{"embeddable":true,"href":"https:\/\/eldiariodesanpedro.com.ar\/sitio\/wp-json\/wp\/v2\/media\/91304"}],"wp:attachment":[{"href":"https:\/\/eldiariodesanpedro.com.ar\/sitio\/wp-json\/wp\/v2\/media?parent=91303"}],"wp:term":[{"taxonomy":"category","embeddable":true,"href":"https:\/\/eldiariodesanpedro.com.ar\/sitio\/wp-json\/wp\/v2\/categories?post=91303"},{"taxonomy":"post_tag","embeddable":true,"href":"https:\/\/eldiariodesanpedro.com.ar\/sitio\/wp-json\/wp\/v2\/tags?post=91303"}],"curies":[{"name":"wp","href":"https:\/\/api.w.org\/{rel}","templated":true}]}}