{"id":91300,"date":"2021-04-22T19:18:42","date_gmt":"2021-04-22T22:18:42","guid":{"rendered":"https:\/\/eldiariodesanpedro.com.ar\/sitio\/?p=91300"},"modified":"2021-04-22T19:18:49","modified_gmt":"2021-04-22T22:18:49","slug":"zarate-una-mujer-quedo-atrapada-tras-despiste-y-choque-en-la-ruta-n-12","status":"publish","type":"post","link":"https:\/\/eldiariodesanpedro.com.ar\/sitio\/zarate-una-mujer-quedo-atrapada-tras-despiste-y-choque-en-la-ruta-n-12\/","title":{"rendered":"Z\u00c1RATE | Una mujer qued\u00f3 atrapada tras despiste y choque en la ruta N\u00b0 12"},"content":{"rendered":"<!-- VideographyWP Plugin Message: Automatic video embedding prevented by plugin options. -->\n\n<p><strong>Esta ma\u00f1ana ocurri\u00f3 un despiste y choque que termin\u00f3 involucrando a varias personas que se trasladaban en una camioneta Peugeot Partner. De los cuales una mujer result\u00f3 herida tras quedar atrapada en el habit\u00e1culo. Ocurri\u00f3 en el km 104 de la ruta Nacional N\u00b0 12, sentido Provincia de Buenos Aires cuando el veh\u00edculo termin\u00f3 chocando contra un guardarrail.<\/strong><\/p>\n\n\n\n<p>Como consecuencia del violento impacto cuatro personas que se movilizaban resultaron afectadas aunque solo una mujer de 30 a\u00f1os de edad debi\u00f3 ser asistida por bomberos voluntarios de Z\u00e1rate que lograron rescatarla de la camioneta y luego fue trasladada al hospital Virgen del Carmen de Z\u00e1rate.<\/p>\n\n\n\n<p>En el lugar intervinieron efectivos de Gendarmer\u00eda Nacional, unidad m\u00e9dica y bomberos voluntarios de Z\u00e1rate.<\/p>\n\n\n\n<p>Fuente: <a href=\"https:\/\/impactolocal.com.ar\/2021\/04\/22\/una-mujer-quedo-atrapada-tras-despiste-y-choque-en-la-ruta-n-12\/\">Impacto Local<\/a><\/p>\n","protected":false},"excerpt":{"rendered":"<p>Esta ma\u00f1ana ocurri\u00f3 un despiste y choque que termin\u00f3 involucrando a varias personas que se trasladaban en una camioneta Peugeot Partner. De los cuales una mujer result\u00f3 herida tras quedar atrapada en el habit\u00e1culo. Ocurri\u00f3 en el km 104 de la ruta Nacional N\u00b0 12, sentido Provincia de Buenos Aires cuando el veh\u00edculo termin\u00f3 chocando [&hellip;]<\/p>\n","protected":false},"author":4,"featured_media":91301,"comment_status":"open","ping_status":"closed","sticky":false,"template":"","format":"standard","meta":{"om_disable_all_campaigns":false,"_jetpack_memberships_contains_paid_content":false,"footnotes":""},"categories":[621],"tags":[],"class_list":["post-91300","post","type-post","status-publish","format-standard","has-post-thumbnail","hentry","category-regionales"],"aioseo_notices":[],"gutentor_comment":0,"jetpack_featured_media_url":"https:\/\/eldiariodesanpedro.com.ar\/sitio\/wp-content\/uploads\/2021\/04\/accidente-ruta-12-1.jpg","jetpack_shortlink":"https:\/\/wp.me\/p6RhLt-nKA","jetpack_sharing_enabled":true,"_links":{"self":[{"href":"https:\/\/eldiariodesanpedro.com.ar\/sitio\/wp-json\/wp\/v2\/posts\/91300","targetHints":{"allow":["GET"]}}],"collection":[{"href":"https:\/\/eldiariodesanpedro.com.ar\/sitio\/wp-json\/wp\/v2\/posts"}],"about":[{"href":"https:\/\/eldiariodesanpedro.com.ar\/sitio\/wp-json\/wp\/v2\/types\/post"}],"author":[{"embeddable":true,"href":"https:\/\/eldiariodesanpedro.com.ar\/sitio\/wp-json\/wp\/v2\/users\/4"}],"replies":[{"embeddable":true,"href":"https:\/\/eldiariodesanpedro.com.ar\/sitio\/wp-json\/wp\/v2\/comments?post=91300"}],"version-history":[{"count":1,"href":"https:\/\/eldiariodesanpedro.com.ar\/sitio\/wp-json\/wp\/v2\/posts\/91300\/revisions"}],"predecessor-version":[{"id":91302,"href":"https:\/\/eldiariodesanpedro.com.ar\/sitio\/wp-json\/wp\/v2\/posts\/91300\/revisions\/91302"}],"wp:featuredmedia":[{"embeddable":true,"href":"https:\/\/eldiariodesanpedro.com.ar\/sitio\/wp-json\/wp\/v2\/media\/91301"}],"wp:attachment":[{"href":"https:\/\/eldiariodesanpedro.com.ar\/sitio\/wp-json\/wp\/v2\/media?parent=91300"}],"wp:term":[{"taxonomy":"category","embeddable":true,"href":"https:\/\/eldiariodesanpedro.com.ar\/sitio\/wp-json\/wp\/v2\/categories?post=91300"},{"taxonomy":"post_tag","embeddable":true,"href":"https:\/\/eldiariodesanpedro.com.ar\/sitio\/wp-json\/wp\/v2\/tags?post=91300"}],"curies":[{"name":"wp","href":"https:\/\/api.w.org\/{rel}","templated":true}]}}