{"id":91272,"date":"2021-04-22T10:07:48","date_gmt":"2021-04-22T13:07:48","guid":{"rendered":"https:\/\/eldiariodesanpedro.com.ar\/sitio\/?p=91272"},"modified":"2021-04-22T10:07:52","modified_gmt":"2021-04-22T13:07:52","slug":"un-aprehendido-con-pedido-de-captura-por-hecho-de-violencia-familiar-en-moron","status":"publish","type":"post","link":"https:\/\/eldiariodesanpedro.com.ar\/sitio\/un-aprehendido-con-pedido-de-captura-por-hecho-de-violencia-familiar-en-moron\/","title":{"rendered":"Un aprehendido con pedido de captura por hecho de violencia familiar en Mor\u00f3n"},"content":{"rendered":"<!-- VideographyWP Plugin Message: Automatic video embedding prevented by plugin options. -->\n\n<p>Este mi\u00e9rcoles el personal policial de la localidad de Gobernador Castro se hace presente en\u00a0 Ruta 1001 en la intersecci\u00f3n con calle Rivadavia donde identific\u00f3 a un masculino de 28 a\u00f1os de dicha localidad cual pesaba sobre su persona deuda con la justicia por pedido de paradero activo, por el delito de protecci\u00f3n contra la violencia familiar, con fecha a\u00f1o 2018, a requerimiento juzgado familia n\u00b0 05, de Mor\u00f3n.<\/p>\n","protected":false},"excerpt":{"rendered":"<p>Este mi\u00e9rcoles el personal policial de la localidad de Gobernador Castro se hace presente en\u00a0 Ruta 1001 en la intersecci\u00f3n con calle Rivadavia donde identific\u00f3 a un masculino de 28 a\u00f1os de dicha localidad cual pesaba sobre su persona deuda con la justicia por pedido de paradero activo, por el delito de protecci\u00f3n contra la [&hellip;]<\/p>\n","protected":false},"author":4,"featured_media":90818,"comment_status":"open","ping_status":"closed","sticky":false,"template":"","format":"standard","meta":{"om_disable_all_campaigns":false,"_jetpack_memberships_contains_paid_content":false,"footnotes":""},"categories":[2,103],"tags":[],"class_list":["post-91272","post","type-post","status-publish","format-standard","has-post-thumbnail","hentry","category-locales","category-policiales-locales"],"aioseo_notices":[],"gutentor_comment":0,"jetpack_featured_media_url":"https:\/\/eldiariodesanpedro.com.ar\/sitio\/wp-content\/uploads\/2021\/04\/descarga.jpg","jetpack_shortlink":"https:\/\/wp.me\/p6RhLt-nK8","jetpack_sharing_enabled":true,"_links":{"self":[{"href":"https:\/\/eldiariodesanpedro.com.ar\/sitio\/wp-json\/wp\/v2\/posts\/91272","targetHints":{"allow":["GET"]}}],"collection":[{"href":"https:\/\/eldiariodesanpedro.com.ar\/sitio\/wp-json\/wp\/v2\/posts"}],"about":[{"href":"https:\/\/eldiariodesanpedro.com.ar\/sitio\/wp-json\/wp\/v2\/types\/post"}],"author":[{"embeddable":true,"href":"https:\/\/eldiariodesanpedro.com.ar\/sitio\/wp-json\/wp\/v2\/users\/4"}],"replies":[{"embeddable":true,"href":"https:\/\/eldiariodesanpedro.com.ar\/sitio\/wp-json\/wp\/v2\/comments?post=91272"}],"version-history":[{"count":1,"href":"https:\/\/eldiariodesanpedro.com.ar\/sitio\/wp-json\/wp\/v2\/posts\/91272\/revisions"}],"predecessor-version":[{"id":91273,"href":"https:\/\/eldiariodesanpedro.com.ar\/sitio\/wp-json\/wp\/v2\/posts\/91272\/revisions\/91273"}],"wp:featuredmedia":[{"embeddable":true,"href":"https:\/\/eldiariodesanpedro.com.ar\/sitio\/wp-json\/wp\/v2\/media\/90818"}],"wp:attachment":[{"href":"https:\/\/eldiariodesanpedro.com.ar\/sitio\/wp-json\/wp\/v2\/media?parent=91272"}],"wp:term":[{"taxonomy":"category","embeddable":true,"href":"https:\/\/eldiariodesanpedro.com.ar\/sitio\/wp-json\/wp\/v2\/categories?post=91272"},{"taxonomy":"post_tag","embeddable":true,"href":"https:\/\/eldiariodesanpedro.com.ar\/sitio\/wp-json\/wp\/v2\/tags?post=91272"}],"curies":[{"name":"wp","href":"https:\/\/api.w.org\/{rel}","templated":true}]}}