{"id":91270,"date":"2021-04-22T10:01:02","date_gmt":"2021-04-22T13:01:02","guid":{"rendered":"https:\/\/eldiariodesanpedro.com.ar\/sitio\/?p=91270"},"modified":"2021-04-22T10:01:07","modified_gmt":"2021-04-22T13:01:07","slug":"aprehendidos-por-tenencia-de-marihuana-infimo-pesaje","status":"publish","type":"post","link":"https:\/\/eldiariodesanpedro.com.ar\/sitio\/aprehendidos-por-tenencia-de-marihuana-infimo-pesaje\/","title":{"rendered":"Aprehendidos por tenencia de marihuana \u00ednfimo pesaje"},"content":{"rendered":"<!-- VideographyWP Plugin Message: Automatic video embedding prevented by plugin options. -->\n\n<p>El d\u00eda de ayer personal policial de la comisar\u00eda, realiz\u00f3 dos procedimientos similares en los cuales se traslad\u00f3 a sede policial a dos masculinos mayores de edad, a quienes se les secuestr\u00f3 sustancia marihuana \u00ednfimo pesaje, labrando actuaciones por el delito en menci\u00f3n, con intervenci\u00f3n de la justicia local.<\/p>\n","protected":false},"excerpt":{"rendered":"<p>El d\u00eda de ayer personal policial de la comisar\u00eda, realiz\u00f3 dos procedimientos similares en los cuales se traslad\u00f3 a sede policial a dos masculinos mayores de edad, a quienes se les secuestr\u00f3 sustancia marihuana \u00ednfimo pesaje, labrando actuaciones por el delito en menci\u00f3n, con intervenci\u00f3n de la justicia local.<\/p>\n","protected":false},"author":4,"featured_media":70421,"comment_status":"open","ping_status":"closed","sticky":false,"template":"","format":"standard","meta":{"om_disable_all_campaigns":false,"_jetpack_memberships_contains_paid_content":false,"footnotes":""},"categories":[2,103],"tags":[],"class_list":["post-91270","post","type-post","status-publish","format-standard","has-post-thumbnail","hentry","category-locales","category-policiales-locales"],"aioseo_notices":[],"gutentor_comment":0,"jetpack_featured_media_url":"https:\/\/eldiariodesanpedro.com.ar\/sitio\/wp-content\/uploads\/2020\/03\/esposas-detenido-1.jpg","jetpack_shortlink":"https:\/\/wp.me\/p6RhLt-nK6","jetpack_sharing_enabled":true,"_links":{"self":[{"href":"https:\/\/eldiariodesanpedro.com.ar\/sitio\/wp-json\/wp\/v2\/posts\/91270","targetHints":{"allow":["GET"]}}],"collection":[{"href":"https:\/\/eldiariodesanpedro.com.ar\/sitio\/wp-json\/wp\/v2\/posts"}],"about":[{"href":"https:\/\/eldiariodesanpedro.com.ar\/sitio\/wp-json\/wp\/v2\/types\/post"}],"author":[{"embeddable":true,"href":"https:\/\/eldiariodesanpedro.com.ar\/sitio\/wp-json\/wp\/v2\/users\/4"}],"replies":[{"embeddable":true,"href":"https:\/\/eldiariodesanpedro.com.ar\/sitio\/wp-json\/wp\/v2\/comments?post=91270"}],"version-history":[{"count":1,"href":"https:\/\/eldiariodesanpedro.com.ar\/sitio\/wp-json\/wp\/v2\/posts\/91270\/revisions"}],"predecessor-version":[{"id":91271,"href":"https:\/\/eldiariodesanpedro.com.ar\/sitio\/wp-json\/wp\/v2\/posts\/91270\/revisions\/91271"}],"wp:featuredmedia":[{"embeddable":true,"href":"https:\/\/eldiariodesanpedro.com.ar\/sitio\/wp-json\/wp\/v2\/media\/70421"}],"wp:attachment":[{"href":"https:\/\/eldiariodesanpedro.com.ar\/sitio\/wp-json\/wp\/v2\/media?parent=91270"}],"wp:term":[{"taxonomy":"category","embeddable":true,"href":"https:\/\/eldiariodesanpedro.com.ar\/sitio\/wp-json\/wp\/v2\/categories?post=91270"},{"taxonomy":"post_tag","embeddable":true,"href":"https:\/\/eldiariodesanpedro.com.ar\/sitio\/wp-json\/wp\/v2\/tags?post=91270"}],"curies":[{"name":"wp","href":"https:\/\/api.w.org\/{rel}","templated":true}]}}