{"id":91268,"date":"2021-04-22T09:55:27","date_gmt":"2021-04-22T12:55:27","guid":{"rendered":"https:\/\/eldiariodesanpedro.com.ar\/sitio\/?p=91268"},"modified":"2021-04-22T09:55:32","modified_gmt":"2021-04-22T12:55:32","slug":"una-mujer-de-53-anos-se-quito-la-vida","status":"publish","type":"post","link":"https:\/\/eldiariodesanpedro.com.ar\/sitio\/una-mujer-de-53-anos-se-quito-la-vida\/","title":{"rendered":"Una mujer de 53 a\u00f1os se quito la vida"},"content":{"rendered":"<!-- VideographyWP Plugin Message: Automatic video embedding prevented by plugin options. -->\n\n<p>En la jornada de ayer se hubo que lamentar la informaci\u00f3n del fallecimiento de una mujer que decidi\u00f3 quitarse la vida.<\/p>\n\n\n\n<p>El hecho ocurri\u00f3 alrededor de las 19 horas, cuando arrib\u00f3 el personal policial acude a calle Cruz Roja al 2800, donde a trav\u00e9s de un llamado al 911 se inform\u00f3 que una persona se hab\u00eda quitado la vida.&nbsp;<\/p>\n\n\n\n<p>Por lo que se pudo comprobar que una mujer de 53 a\u00f1os de edad propietaria de la vivienda hab\u00eda decidido tomar la triste decisi\u00f3n de quitarse la vida.&nbsp;<\/p>\n\n\n\n<p>Seg\u00fan los primeros testimonios de familiares, indicaron que la v\u00edctima padec\u00eda depresi\u00f3n por cuestiones de \u00edndole familiar, hall\u00e1ndose en tratamiento psiqui\u00e1trico.<\/p>\n\n\n\n<p>El personal policial de polic\u00eda cient\u00edfica realiz\u00f3 pericias correspondientes. Interviene la justicia local \u00a0como averiguaciones de causales de muerte.<\/p>\n","protected":false},"excerpt":{"rendered":"<p>En la jornada de ayer se hubo que lamentar la informaci\u00f3n del fallecimiento de una mujer que decidi\u00f3 quitarse la vida. El hecho ocurri\u00f3 alrededor de las 19 horas, cuando arrib\u00f3 el personal policial acude a calle Cruz Roja al 2800, donde a trav\u00e9s de un llamado al 911 se inform\u00f3 que una persona se [&hellip;]<\/p>\n","protected":false},"author":4,"featured_media":70512,"comment_status":"open","ping_status":"closed","sticky":false,"template":"","format":"standard","meta":{"om_disable_all_campaigns":false,"_jetpack_memberships_contains_paid_content":false,"footnotes":""},"categories":[2,103],"tags":[],"class_list":["post-91268","post","type-post","status-publish","format-standard","has-post-thumbnail","hentry","category-locales","category-policiales-locales"],"aioseo_notices":[],"gutentor_comment":0,"jetpack_featured_media_url":"https:\/\/eldiariodesanpedro.com.ar\/sitio\/wp-content\/uploads\/2020\/03\/Polic\u00eda-Cient\u00edfica-6.jpg","jetpack_shortlink":"https:\/\/wp.me\/p6RhLt-nK4","jetpack_sharing_enabled":true,"_links":{"self":[{"href":"https:\/\/eldiariodesanpedro.com.ar\/sitio\/wp-json\/wp\/v2\/posts\/91268","targetHints":{"allow":["GET"]}}],"collection":[{"href":"https:\/\/eldiariodesanpedro.com.ar\/sitio\/wp-json\/wp\/v2\/posts"}],"about":[{"href":"https:\/\/eldiariodesanpedro.com.ar\/sitio\/wp-json\/wp\/v2\/types\/post"}],"author":[{"embeddable":true,"href":"https:\/\/eldiariodesanpedro.com.ar\/sitio\/wp-json\/wp\/v2\/users\/4"}],"replies":[{"embeddable":true,"href":"https:\/\/eldiariodesanpedro.com.ar\/sitio\/wp-json\/wp\/v2\/comments?post=91268"}],"version-history":[{"count":1,"href":"https:\/\/eldiariodesanpedro.com.ar\/sitio\/wp-json\/wp\/v2\/posts\/91268\/revisions"}],"predecessor-version":[{"id":91269,"href":"https:\/\/eldiariodesanpedro.com.ar\/sitio\/wp-json\/wp\/v2\/posts\/91268\/revisions\/91269"}],"wp:featuredmedia":[{"embeddable":true,"href":"https:\/\/eldiariodesanpedro.com.ar\/sitio\/wp-json\/wp\/v2\/media\/70512"}],"wp:attachment":[{"href":"https:\/\/eldiariodesanpedro.com.ar\/sitio\/wp-json\/wp\/v2\/media?parent=91268"}],"wp:term":[{"taxonomy":"category","embeddable":true,"href":"https:\/\/eldiariodesanpedro.com.ar\/sitio\/wp-json\/wp\/v2\/categories?post=91268"},{"taxonomy":"post_tag","embeddable":true,"href":"https:\/\/eldiariodesanpedro.com.ar\/sitio\/wp-json\/wp\/v2\/tags?post=91268"}],"curies":[{"name":"wp","href":"https:\/\/api.w.org\/{rel}","templated":true}]}}